{"id":45746,"date":"2025-07-28T11:50:58","date_gmt":"2025-07-28T09:50:58","guid":{"rendered":"https:\/\/www.moma-design.it\/?p=45746"},"modified":"2025-07-28T11:55:21","modified_gmt":"2025-07-28T09:55:21","slug":"meubles-de-salle-de-bains-dete-idees-et-tendances-pour-une-salle-de-bains-fraiche-et-confortable","status":"publish","type":"post","link":"https:\/\/www.moma-design.it\/fr\/meubles-de-salle-de-bains-dete-idees-et-tendances-pour-une-salle-de-bains-fraiche-et-confortable\/","title":{"rendered":"Meubles de salle de bains d&rsquo;\u00e9t\u00e9 : id\u00e9es et tendances pour une salle de bains fra\u00eeche et confortable"},"content":{"rendered":"\n<p>L&rsquo;arriv\u00e9e de l&rsquo;\u00e9t\u00e9 peut \u00eatre le moment id\u00e9al pour renouveler les espaces de la maison, et donc aussi la salle de bains. Les meubles de salle de bain d&rsquo;\u00e9t\u00e9 sont une tendance croissante, gr\u00e2ce \u00e0 la possibilit\u00e9 de transformer cet environnement en une oasis de fra\u00eecheur et de d\u00e9tente.<\/p>\n\n<p>Si la chaleur d\u00e9courage les travaux de ma\u00e7onnerie trop intensifs, la d\u00e9coration d&rsquo;int\u00e9rieur, elle, se taille une place de choix m\u00eame en \u00e9t\u00e9.<\/p>\n\n<p>Dans cet article, nous vous donnerons des id\u00e9es, des conseils et des tendances sur la fa\u00e7on de meubler votre salle de bains en style estival, en cr\u00e9ant une atmosph\u00e8re l\u00e9g\u00e8re, lumineuse et rajeunissante.<\/p>\n\n<h2 class=\"wp-block-heading\"><strong>Pourquoi r\u00e9nover la salle de bains en \u00e9t\u00e9 ?<\/strong><\/h2>\n\n<p>L&rsquo;\u00e9t\u00e9 apporte avec lui des couleurs vives, des mat\u00e9riaux naturels et l&rsquo;envie d&rsquo;espaces a\u00e9r\u00e9s.<\/p>\n\n<p>Une salle de bains am\u00e9nag\u00e9e dans un style estival ne se contente pas de rehausser l&rsquo;esth\u00e9tique de la maison, mais procure \u00e9galement une agr\u00e9able sensation de bien-\u00eatre au quotidien.<\/p>\n\n<p>De plus, r\u00e9nover la salle de bains pendant la saison chaude permet de profiter au maximum de la lumi\u00e8re naturelle et de choisir des tissus et des mat\u00e9riaux adapt\u00e9s au climat.<\/p>\n\n<h2 class=\"wp-block-heading\"><strong>Couleurs d&rsquo;\u00e9t\u00e9 pour la salle de bains : teintes fra\u00eeches et relaxantes<\/strong><\/h2>\n\n<p>L&rsquo;un des aspects fondamentaux de l&rsquo;am\u00e9nagement d&rsquo;une salle de bains en \u00e9t\u00e9 est le choix de la palette de couleurs. Les meilleures couleurs pour cette saison sont :<\/p>\n\n<ul class=\"wp-block-list\">\n<li>Le blanc et les tons neutres, pour amplifier la luminosit\u00e9 et donner une impression de propret\u00e9.<\/li>\n\n\n\n<li>Le bleu clair et le turquoise, qui rappellent la mer et apportent de la fra\u00eecheur.<\/li>\n\n\n\n<li>Le vert menthe et la sauge, pour une touche naturelle et relaxante.<\/li>\n\n\n\n<li>Le jaune pastel, qui donne de l&rsquo;\u00e9nergie sans \u00eatre trop envahissant.<\/li>\n\n\n\n<li>Des couleurs vives et, pourquoi pas, des inserts en majolique ou de style \u00ab sicilien \u00bb.<\/li>\n<\/ul>\n\n<p>Pour un effet encore plus estival, vous pouvez combiner ces couleurs avec des d\u00e9tails en bois clair.<\/p>\n\n<div class=\"wp-block-columns alignwide is-layout-flex wp-container-core-columns-is-layout-28f84493 wp-block-columns-is-layout-flex\">\n<div class=\"wp-block-column is-layout-flow wp-block-column-is-layout-flow\">\n<figure class=\"wp-block-image aligncenter size-full\"><img fetchpriority=\"high\" decoding=\"async\" width=\"450\" height=\"450\" src=\"https:\/\/www.moma-design.it\/wp-content\/uploads\/2025\/07\/450X450-ECLIPSE.jpg\" alt=\"meuble eclipse laqu&#xE9;\" class=\"wp-image-45734\" srcset=\"https:\/\/www.moma-design.it\/wp-content\/uploads\/2025\/07\/450X450-ECLIPSE.jpg 450w, https:\/\/www.moma-design.it\/wp-content\/uploads\/2025\/07\/450X450-ECLIPSE-400x400.jpg 400w, https:\/\/www.moma-design.it\/wp-content\/uploads\/2025\/07\/450X450-ECLIPSE-150x150.jpg 150w, https:\/\/www.moma-design.it\/wp-content\/uploads\/2025\/07\/450X450-ECLIPSE-300x300.jpg 300w, https:\/\/www.moma-design.it\/wp-content\/uploads\/2025\/07\/450X450-ECLIPSE-100x100.jpg 100w\" sizes=\"(max-width: 450px) 100vw, 450px\" \/><\/figure>\n<\/div>\n\n\n\n<div class=\"wp-block-column is-layout-flow wp-block-column-is-layout-flow\">\n<figure class=\"wp-block-image aligncenter size-full\"><img decoding=\"async\" width=\"450\" height=\"450\" src=\"https:\/\/www.moma-design.it\/wp-content\/uploads\/2025\/07\/450X450-TOWER.jpg\" alt=\"tower lamp panier en osier\" class=\"wp-image-45710\" srcset=\"https:\/\/www.moma-design.it\/wp-content\/uploads\/2025\/07\/450X450-TOWER.jpg 450w, https:\/\/www.moma-design.it\/wp-content\/uploads\/2025\/07\/450X450-TOWER-400x400.jpg 400w, https:\/\/www.moma-design.it\/wp-content\/uploads\/2025\/07\/450X450-TOWER-150x150.jpg 150w, https:\/\/www.moma-design.it\/wp-content\/uploads\/2025\/07\/450X450-TOWER-300x300.jpg 300w, https:\/\/www.moma-design.it\/wp-content\/uploads\/2025\/07\/450X450-TOWER-100x100.jpg 100w\" sizes=\"(max-width: 450px) 100vw, 450px\" \/><\/figure>\n<\/div>\n\n\n\n<div class=\"wp-block-column is-layout-flow wp-block-column-is-layout-flow\">\n<figure class=\"wp-block-image aligncenter size-full\"><img decoding=\"async\" width=\"450\" height=\"450\" src=\"https:\/\/www.moma-design.it\/wp-content\/uploads\/2025\/07\/450X450-MAIOLICHE.jpg\" alt=\"baignoire elite avec majolique\" class=\"wp-image-45738\" srcset=\"https:\/\/www.moma-design.it\/wp-content\/uploads\/2025\/07\/450X450-MAIOLICHE.jpg 450w, https:\/\/www.moma-design.it\/wp-content\/uploads\/2025\/07\/450X450-MAIOLICHE-400x400.jpg 400w, https:\/\/www.moma-design.it\/wp-content\/uploads\/2025\/07\/450X450-MAIOLICHE-150x150.jpg 150w, https:\/\/www.moma-design.it\/wp-content\/uploads\/2025\/07\/450X450-MAIOLICHE-300x300.jpg 300w, https:\/\/www.moma-design.it\/wp-content\/uploads\/2025\/07\/450X450-MAIOLICHE-100x100.jpg 100w\" sizes=\"(max-width: 450px) 100vw, 450px\" \/><\/figure>\n<\/div>\n<\/div>\n\n<h2 class=\"wp-block-heading\"><strong>Mat\u00e9riaux naturels : la tendance de l&rsquo;\u00e9t\u00e9<\/strong><\/h2>\n\n<p>Les mat\u00e9riaux naturels sont les protagonistes du mobilier de salle de bain de l&rsquo;\u00e9t\u00e9 2025. Parmi les plus populaires :<\/p>\n\n<ul class=\"wp-block-list\">\n<li>Le bois clair, comme le ch\u00eane naturel utilis\u00e9 dans les collections <strong>MOMA Design<\/strong>, dans le mobilier mais aussi dans les miroirs, comme notre <a href=\"https:\/\/www.moma-design.it\/fr\/produit\/mirr-forum-wood\/\" target=\"_blank\">MIRR FORUM WOOD<\/a>.<\/li>\n\n\n\n<li>Les fibres naturelles telles que le rotin et le lin, pour les textiles de salle de bains, peut-\u00eatre avec l&rsquo;ajout de motifs tropicaux ou marins.<\/li>\n\n\n\n<li>La c\u00e9ramique dans des tons clairs et opaques, non seulement pour les rev\u00eatements muraux et de sol, mais aussi pour les plans de lavabo, comme le <a href=\"https:\/\/www.moma-design.it\/fr\/produit\/plan-vasque-capri\/\" target=\"_blank\">CAPRI<\/a> de <strong>MOMA Design<\/strong>, ou pour les meubles, comme notre gr\u00e8s c\u00e9rame <a href=\"https:\/\/www.moma-design.it\/fr\/produit\/victoria\/\" target=\"_blank\">VICTORIA<\/a>.<\/li>\n\n\n\n<li>Des accessoires en pierre naturelle, comme les lavabos et les plans de travail, mais aussi les structures m\u00eames des meubles, comme dans la collection <a href=\"https:\/\/www.moma-design.it\/fr\/categorie-de-produit\/meubles-de-salle-de-bain\/collection-de-meubles-de-salle-de-bains-excellent\/\" target=\"_blank\">EXCELLENT<\/a> de MOMA Design.<\/li>\n<\/ul>\n\n<p>En plus d&rsquo;\u00eatre durables, ces mat\u00e9riaux contribuent \u00e0 cr\u00e9er un environnement relaxant en harmonie avec la nature.<\/p>\n\n<div class=\"wp-block-columns alignwide is-layout-flex wp-container-core-columns-is-layout-28f84493 wp-block-columns-is-layout-flex\">\n<div class=\"wp-block-column is-layout-flow wp-block-column-is-layout-flow\">\n<figure class=\"wp-block-image aligncenter size-full\"><img loading=\"lazy\" decoding=\"async\" width=\"450\" height=\"450\" src=\"https:\/\/www.moma-design.it\/wp-content\/uploads\/2025\/06\/DSC01373-450x450-1.jpg\" alt=\"franciacorta mirr forum wood sable\" class=\"wp-image-45152\" srcset=\"https:\/\/www.moma-design.it\/wp-content\/uploads\/2025\/06\/DSC01373-450x450-1.jpg 450w, https:\/\/www.moma-design.it\/wp-content\/uploads\/2025\/06\/DSC01373-450x450-1-400x400.jpg 400w, https:\/\/www.moma-design.it\/wp-content\/uploads\/2025\/06\/DSC01373-450x450-1-150x150.jpg 150w, https:\/\/www.moma-design.it\/wp-content\/uploads\/2025\/06\/DSC01373-450x450-1-300x300.jpg 300w, https:\/\/www.moma-design.it\/wp-content\/uploads\/2025\/06\/DSC01373-450x450-1-100x100.jpg 100w\" sizes=\"(max-width: 450px) 100vw, 450px\" \/><\/figure>\n<\/div>\n\n\n\n<div class=\"wp-block-column is-layout-flow wp-block-column-is-layout-flow\">\n<figure class=\"wp-block-image aligncenter size-full\"><img loading=\"lazy\" decoding=\"async\" width=\"450\" height=\"450\" src=\"https:\/\/www.moma-design.it\/wp-content\/uploads\/2025\/07\/450X450-CAPRI.jpg\" alt=\"lavabo capri en gres\" class=\"wp-image-45726\" srcset=\"https:\/\/www.moma-design.it\/wp-content\/uploads\/2025\/07\/450X450-CAPRI.jpg 450w, https:\/\/www.moma-design.it\/wp-content\/uploads\/2025\/07\/450X450-CAPRI-400x400.jpg 400w, https:\/\/www.moma-design.it\/wp-content\/uploads\/2025\/07\/450X450-CAPRI-150x150.jpg 150w, https:\/\/www.moma-design.it\/wp-content\/uploads\/2025\/07\/450X450-CAPRI-300x300.jpg 300w, https:\/\/www.moma-design.it\/wp-content\/uploads\/2025\/07\/450X450-CAPRI-100x100.jpg 100w\" sizes=\"(max-width: 450px) 100vw, 450px\" \/><\/figure>\n<\/div>\n\n\n\n<div class=\"wp-block-column is-layout-flow wp-block-column-is-layout-flow\">\n<figure class=\"wp-block-image aligncenter size-full\"><img loading=\"lazy\" decoding=\"async\" width=\"450\" height=\"450\" src=\"https:\/\/www.moma-design.it\/wp-content\/uploads\/2025\/07\/450X450-VICTORIA.jpg\" alt=\"ruby avec meuble victoria\" class=\"wp-image-45714\" srcset=\"https:\/\/www.moma-design.it\/wp-content\/uploads\/2025\/07\/450X450-VICTORIA.jpg 450w, https:\/\/www.moma-design.it\/wp-content\/uploads\/2025\/07\/450X450-VICTORIA-400x400.jpg 400w, https:\/\/www.moma-design.it\/wp-content\/uploads\/2025\/07\/450X450-VICTORIA-150x150.jpg 150w, https:\/\/www.moma-design.it\/wp-content\/uploads\/2025\/07\/450X450-VICTORIA-300x300.jpg 300w, https:\/\/www.moma-design.it\/wp-content\/uploads\/2025\/07\/450X450-VICTORIA-100x100.jpg 100w\" sizes=\"(max-width: 450px) 100vw, 450px\" \/><\/figure>\n<\/div>\n<\/div>\n\n<h2 class=\"wp-block-heading\"><strong>Meubles de salle de bains d&rsquo;\u00e9t\u00e9 : solutions peu encombrantes et fonctionnelles<\/strong><\/h2>\n\n<p>Si vous avez une petite salle de bains, l&rsquo;\u00e9t\u00e9 est le moment id\u00e9al pour choisir des meubles compacts et fonctionnels. Parmi les id\u00e9es les plus utiles :<\/p>\n\n<ul class=\"wp-block-list\">\n<li>Meubles ou lavabos suspendus pour am\u00e9liorer la perception de l&rsquo;espace. Nos mod\u00e8les <a href=\"https:\/\/www.moma-design.it\/fr\/produit\/lavabos-cubic\/\" target=\"_blank\">CUBIC<\/a>, qui peuvent \u00eatre \u00e9quip\u00e9s de tiroirs int\u00e9gr\u00e9s, sont des solutions compactes et fonctionnelles, disponibles en Solid Surface, un mat\u00e9riau hygi\u00e9nique, frais et doux au toucher.<\/li>\n\n\n\n<li>Les \u00e9tag\u00e8res ouvertes pour ranger les serviettes et les accessoires, ou les \u00e9l\u00e9gantes <a href=\"https:\/\/www.moma-design.it\/fr\/produit\/boiserie\/\" target=\"_blank\">BOISERIE<\/a> avec portes en verre enrichissent chaque salle de bains d&rsquo;une \u00e9l\u00e9gance in\u00e9gal\u00e9e.<\/li>\n\n\n\n<li>Des r\u00e9cipients et des paniers en osier ou en fil de fer pour une touche <em>boho-chic<\/em>, par exemple combin\u00e9s avec des lavabos ouverts tels que notre TOWER OPEN.<\/li>\n\n\n\n<li>De grands miroirs pour amplifier la lumi\u00e8re naturelle.<\/li>\n\n\n\n<li>Douches ou <a href=\"https:\/\/www.moma-design.it\/fr\/categorie-de-produit\/hammams-fr\/\" target=\"_blank\">hammams<\/a>, avec <a href=\"https:\/\/www.moma-design.it\/fr\/categorie-de-produit\/tetes-de-douche\/\" target=\"_blank\">pommeaux de douche<\/a> fonctionnels et chromoth\u00e9rapie.<\/li>\n<\/ul>\n\n<div class=\"wp-block-columns alignwide is-layout-flex wp-container-core-columns-is-layout-28f84493 wp-block-columns-is-layout-flex\">\n<div class=\"wp-block-column is-layout-flow wp-block-column-is-layout-flow\">\n<figure class=\"wp-block-image aligncenter size-full\"><img loading=\"lazy\" decoding=\"async\" width=\"450\" height=\"450\" src=\"https:\/\/www.moma-design.it\/wp-content\/uploads\/2025\/07\/450X450-CUBIC.jpg\" alt=\"cubatecno avec tiroir blanc\" class=\"wp-image-45730\" srcset=\"https:\/\/www.moma-design.it\/wp-content\/uploads\/2025\/07\/450X450-CUBIC.jpg 450w, https:\/\/www.moma-design.it\/wp-content\/uploads\/2025\/07\/450X450-CUBIC-400x400.jpg 400w, https:\/\/www.moma-design.it\/wp-content\/uploads\/2025\/07\/450X450-CUBIC-150x150.jpg 150w, https:\/\/www.moma-design.it\/wp-content\/uploads\/2025\/07\/450X450-CUBIC-300x300.jpg 300w, https:\/\/www.moma-design.it\/wp-content\/uploads\/2025\/07\/450X450-CUBIC-100x100.jpg 100w\" sizes=\"(max-width: 450px) 100vw, 450px\" \/><\/figure>\n<\/div>\n\n\n\n<div class=\"wp-block-column is-layout-flow wp-block-column-is-layout-flow\">\n<figure class=\"wp-block-image aligncenter size-full\"><img loading=\"lazy\" decoding=\"async\" width=\"450\" height=\"450\" src=\"https:\/\/www.moma-design.it\/wp-content\/uploads\/2025\/07\/450X450-BOISERIE.jpg\" alt=\"boiserie en verre et chene\" class=\"wp-image-45722\" srcset=\"https:\/\/www.moma-design.it\/wp-content\/uploads\/2025\/07\/450X450-BOISERIE.jpg 450w, https:\/\/www.moma-design.it\/wp-content\/uploads\/2025\/07\/450X450-BOISERIE-400x400.jpg 400w, https:\/\/www.moma-design.it\/wp-content\/uploads\/2025\/07\/450X450-BOISERIE-150x150.jpg 150w, https:\/\/www.moma-design.it\/wp-content\/uploads\/2025\/07\/450X450-BOISERIE-300x300.jpg 300w, https:\/\/www.moma-design.it\/wp-content\/uploads\/2025\/07\/450X450-BOISERIE-100x100.jpg 100w\" sizes=\"(max-width: 450px) 100vw, 450px\" \/><\/figure>\n<\/div>\n\n\n\n<div class=\"wp-block-column is-layout-flow wp-block-column-is-layout-flow\">\n<figure class=\"wp-block-image aligncenter size-full\"><img loading=\"lazy\" decoding=\"async\" width=\"450\" height=\"450\" src=\"https:\/\/www.moma-design.it\/wp-content\/uploads\/2025\/02\/450X450-TOWER-OPEN.jpg\" alt=\"tower open lavabo en stonage et asolo noyer\" class=\"wp-image-43454\" srcset=\"https:\/\/www.moma-design.it\/wp-content\/uploads\/2025\/02\/450X450-TOWER-OPEN.jpg 450w, https:\/\/www.moma-design.it\/wp-content\/uploads\/2025\/02\/450X450-TOWER-OPEN-400x400.jpg 400w, https:\/\/www.moma-design.it\/wp-content\/uploads\/2025\/02\/450X450-TOWER-OPEN-150x150.jpg 150w, https:\/\/www.moma-design.it\/wp-content\/uploads\/2025\/02\/450X450-TOWER-OPEN-300x300.jpg 300w, https:\/\/www.moma-design.it\/wp-content\/uploads\/2025\/02\/450X450-TOWER-OPEN-100x100.jpg 100w\" sizes=\"(max-width: 450px) 100vw, 450px\" \/><\/figure>\n<\/div>\n<\/div>\n\n<h3 class=\"wp-block-heading\"><strong><strong>Bonus : comment parfumer la salle de bains en \u00e9t\u00e9<\/strong><\/strong><\/h3>\n\n<p>Pour parfaire l&rsquo;ambiance estivale de votre salle de bains, n&rsquo;oubliez pas de soigner le parfum d&rsquo;ambiance. Les parfums les plus appropri\u00e9s sont les suivants :<\/p>\n\n<ul class=\"wp-block-list\">\n<li>Agrumes (citron, orange, pamplemousse)<\/li>\n\n\n\n<li>Lavande<\/li>\n\n\n\n<li>Menthe et eucalyptus<\/li>\n\n\n\n<li>Brise de mer<\/li>\n<\/ul>\n\n<p>Utilisez des diffuseurs \u00e0 b\u00e2tonnets, des sprays naturels ou des sachets de pot-pourri pour garder votre salle de bains fra\u00eeche.<\/p>\n\n<p><\/p>\n\n<p>R\u00e9nover le mobilier de votre salle de bains en \u00e9t\u00e9 est un moyen simple et efficace d&rsquo;apporter une bouff\u00e9e d&rsquo;air frais dans votre maison. En jouant sur les couleurs, les mat\u00e9riaux et le mobilier, vous pouvez transformer votre salle de bains en un petit spa priv\u00e9, id\u00e9al pour vous r\u00e9g\u00e9n\u00e9rer en cette saison.<\/p>\n\n<p>L&rsquo;\u00e9quipe de <strong>MOMA Design<\/strong> vous souhaite une bonne pause estivale !<\/p>\n","protected":false},"excerpt":{"rendered":"<p>Les mois d&rsquo;\u00e9t\u00e9 peuvent \u00eatre l&rsquo;occasion de renouveler les pi\u00e8ces de votre maison. Voici quelques id\u00e9es de MOMA Design.<\/p>\n","protected":false},"author":2,"featured_media":45720,"comment_status":"open","ping_status":"open","sticky":false,"template":"","format":"standard","meta":{"site-sidebar-layout":"default","site-content-layout":"","ast-site-content-layout":"default","site-content-style":"default","site-sidebar-style":"default","ast-global-header-display":"","ast-banner-title-visibility":"","ast-main-header-display":"","ast-hfb-above-header-display":"","ast-hfb-below-header-display":"","ast-hfb-mobile-header-display":"","site-post-title":"","ast-breadcrumbs-content":"","ast-featured-img":"","footer-sml-layout":"","ast-disable-related-posts":"","theme-transparent-header-meta":"","adv-header-id-meta":"","stick-header-meta":"","header-above-stick-meta":"","header-main-stick-meta":"","header-below-stick-meta":"","astra-migrate-meta-layouts":"set","ast-page-background-enabled":"default","ast-page-background-meta":{"desktop":{"background-color":"var(--ast-global-color-4)","background-image":"","background-repeat":"repeat","background-position":"center center","background-size":"auto","background-attachment":"scroll","background-type":"","background-media":"","overlay-type":"","overlay-color":"","overlay-opacity":"","overlay-gradient":""},"tablet":{"background-color":"","background-image":"","background-repeat":"repeat","background-position":"center center","background-size":"auto","background-attachment":"scroll","background-type":"","background-media":"","overlay-type":"","overlay-color":"","overlay-opacity":"","overlay-gradient":""},"mobile":{"background-color":"","background-image":"","background-repeat":"repeat","background-position":"center center","background-size":"auto","background-attachment":"scroll","background-type":"","background-media":"","overlay-type":"","overlay-color":"","overlay-opacity":"","overlay-gradient":""}},"ast-content-background-meta":{"desktop":{"background-color":"var(--ast-global-color-5)","background-image":"","background-repeat":"repeat","background-position":"center center","background-size":"auto","background-attachment":"scroll","background-type":"","background-media":"","overlay-type":"","overlay-color":"","overlay-opacity":"","overlay-gradient":""},"tablet":{"background-color":"var(--ast-global-color-5)","background-image":"","background-repeat":"repeat","background-position":"center center","background-size":"auto","background-attachment":"scroll","background-type":"","background-media":"","overlay-type":"","overlay-color":"","overlay-opacity":"","overlay-gradient":""},"mobile":{"background-color":"var(--ast-global-color-5)","background-image":"","background-repeat":"repeat","background-position":"center center","background-size":"auto","background-attachment":"scroll","background-type":"","background-media":"","overlay-type":"","overlay-color":"","overlay-opacity":"","overlay-gradient":""}},"footnotes":""},"categories":[222,131],"tags":[],"realizzazione_categoria":[],"class_list":["post-45746","post","type-post","status-publish","format-standard","has-post-thumbnail","hentry","category-news-fr","category-non-classifiee"],"yoast_head":"<!-- This site is optimized with the Yoast SEO plugin v26.8 - https:\/\/yoast.com\/product\/yoast-seo-wordpress\/ -->\n<title>Meubles de salle de bains d&#039;\u00e9t\u00e9 | MOMA Design<\/title>\n<meta name=\"description\" content=\"Les meubles de salle de bains d&#039;\u00e9t\u00e9 se caract\u00e9risent par un renouvellement qui tend vers la fra\u00eecheur. Voici quelques id\u00e9es gagnantes de MOMA Design.\" \/>\n<meta name=\"robots\" content=\"index, follow, max-snippet:-1, max-image-preview:large, max-video-preview:-1\" \/>\n<link rel=\"canonical\" href=\"https:\/\/www.moma-design.it\/fr\/meubles-de-salle-de-bains-dete-idees-et-tendances-pour-une-salle-de-bains-fraiche-et-confortable\/\" \/>\n<meta property=\"og:locale\" content=\"fr_FR\" \/>\n<meta property=\"og:type\" content=\"article\" \/>\n<meta property=\"og:title\" content=\"Meubles de salle de bains d&#039;\u00e9t\u00e9 | MOMA Design\" \/>\n<meta property=\"og:description\" content=\"Les meubles de salle de bains d&#039;\u00e9t\u00e9 se caract\u00e9risent par un renouvellement qui tend vers la fra\u00eecheur. Voici quelques id\u00e9es gagnantes de MOMA Design.\" \/>\n<meta property=\"og:url\" content=\"https:\/\/www.moma-design.it\/fr\/meubles-de-salle-de-bains-dete-idees-et-tendances-pour-une-salle-de-bains-fraiche-et-confortable\/\" \/>\n<meta property=\"og:site_name\" content=\"MOMA Design\" \/>\n<meta property=\"article:published_time\" content=\"2025-07-28T09:50:58+00:00\" \/>\n<meta property=\"article:modified_time\" content=\"2025-07-28T09:55:21+00:00\" \/>\n<meta property=\"og:image\" content=\"https:\/\/www.moma-design.it\/wp-content\/uploads\/2025\/07\/COPERTINA-1920X800.jpg\" \/>\n\t<meta property=\"og:image:width\" content=\"1920\" \/>\n\t<meta property=\"og:image:height\" content=\"800\" \/>\n\t<meta property=\"og:image:type\" content=\"image\/jpeg\" \/>\n<meta name=\"author\" content=\"Michela Melissano\" \/>\n<meta name=\"twitter:card\" content=\"summary_large_image\" \/>\n<meta name=\"twitter:label1\" content=\"\u00c9crit par\" \/>\n\t<meta name=\"twitter:data1\" content=\"Michela Melissano\" \/>\n\t<meta name=\"twitter:label2\" content=\"Dur\u00e9e de lecture estim\u00e9e\" \/>\n\t<meta name=\"twitter:data2\" content=\"6 minutes\" \/>\n<script type=\"application\/ld+json\" class=\"yoast-schema-graph\">{\"@context\":\"https:\/\/schema.org\",\"@graph\":[{\"@type\":\"Article\",\"@id\":\"https:\/\/www.moma-design.it\/fr\/meubles-de-salle-de-bains-dete-idees-et-tendances-pour-une-salle-de-bains-fraiche-et-confortable\/#article\",\"isPartOf\":{\"@id\":\"https:\/\/www.moma-design.it\/fr\/meubles-de-salle-de-bains-dete-idees-et-tendances-pour-une-salle-de-bains-fraiche-et-confortable\/\"},\"author\":{\"name\":\"Michela Melissano\",\"@id\":\"https:\/\/www.moma-design.it\/#\/schema\/person\/75f17af98d2696602c12318522f82ba8\"},\"headline\":\"Meubles de salle de bains d&rsquo;\u00e9t\u00e9 : id\u00e9es et tendances pour une salle de bains fra\u00eeche et confortable\",\"datePublished\":\"2025-07-28T09:50:58+00:00\",\"dateModified\":\"2025-07-28T09:55:21+00:00\",\"mainEntityOfPage\":{\"@id\":\"https:\/\/www.moma-design.it\/fr\/meubles-de-salle-de-bains-dete-idees-et-tendances-pour-une-salle-de-bains-fraiche-et-confortable\/\"},\"wordCount\":859,\"commentCount\":0,\"publisher\":{\"@id\":\"https:\/\/www.moma-design.it\/#organization\"},\"image\":{\"@id\":\"https:\/\/www.moma-design.it\/fr\/meubles-de-salle-de-bains-dete-idees-et-tendances-pour-une-salle-de-bains-fraiche-et-confortable\/#primaryimage\"},\"thumbnailUrl\":\"https:\/\/www.moma-design.it\/wp-content\/uploads\/2025\/07\/COPERTINA-1920X800.jpg\",\"articleSection\":[\"News\",\"Non classifi\u00e9(e)\"],\"inLanguage\":\"fr-FR\",\"potentialAction\":[{\"@type\":\"CommentAction\",\"name\":\"Comment\",\"target\":[\"https:\/\/www.moma-design.it\/fr\/meubles-de-salle-de-bains-dete-idees-et-tendances-pour-une-salle-de-bains-fraiche-et-confortable\/#respond\"]}]},{\"@type\":\"WebPage\",\"@id\":\"https:\/\/www.moma-design.it\/fr\/meubles-de-salle-de-bains-dete-idees-et-tendances-pour-une-salle-de-bains-fraiche-et-confortable\/\",\"url\":\"https:\/\/www.moma-design.it\/fr\/meubles-de-salle-de-bains-dete-idees-et-tendances-pour-une-salle-de-bains-fraiche-et-confortable\/\",\"name\":\"Meubles de salle de bains d'\u00e9t\u00e9 | MOMA Design\",\"isPartOf\":{\"@id\":\"https:\/\/www.moma-design.it\/#website\"},\"primaryImageOfPage\":{\"@id\":\"https:\/\/www.moma-design.it\/fr\/meubles-de-salle-de-bains-dete-idees-et-tendances-pour-une-salle-de-bains-fraiche-et-confortable\/#primaryimage\"},\"image\":{\"@id\":\"https:\/\/www.moma-design.it\/fr\/meubles-de-salle-de-bains-dete-idees-et-tendances-pour-une-salle-de-bains-fraiche-et-confortable\/#primaryimage\"},\"thumbnailUrl\":\"https:\/\/www.moma-design.it\/wp-content\/uploads\/2025\/07\/COPERTINA-1920X800.jpg\",\"datePublished\":\"2025-07-28T09:50:58+00:00\",\"dateModified\":\"2025-07-28T09:55:21+00:00\",\"description\":\"Les meubles de salle de bains d'\u00e9t\u00e9 se caract\u00e9risent par un renouvellement qui tend vers la fra\u00eecheur. Voici quelques id\u00e9es gagnantes de MOMA Design.\",\"breadcrumb\":{\"@id\":\"https:\/\/www.moma-design.it\/fr\/meubles-de-salle-de-bains-dete-idees-et-tendances-pour-une-salle-de-bains-fraiche-et-confortable\/#breadcrumb\"},\"inLanguage\":\"fr-FR\",\"potentialAction\":[{\"@type\":\"ReadAction\",\"target\":[\"https:\/\/www.moma-design.it\/fr\/meubles-de-salle-de-bains-dete-idees-et-tendances-pour-une-salle-de-bains-fraiche-et-confortable\/\"]}]},{\"@type\":\"ImageObject\",\"inLanguage\":\"fr-FR\",\"@id\":\"https:\/\/www.moma-design.it\/fr\/meubles-de-salle-de-bains-dete-idees-et-tendances-pour-une-salle-de-bains-fraiche-et-confortable\/#primaryimage\",\"url\":\"https:\/\/www.moma-design.it\/wp-content\/uploads\/2025\/07\/COPERTINA-1920X800.jpg\",\"contentUrl\":\"https:\/\/www.moma-design.it\/wp-content\/uploads\/2025\/07\/COPERTINA-1920X800.jpg\",\"width\":1920,\"height\":800,\"caption\":\"copertina arredamento estivo\"},{\"@type\":\"BreadcrumbList\",\"@id\":\"https:\/\/www.moma-design.it\/fr\/meubles-de-salle-de-bains-dete-idees-et-tendances-pour-une-salle-de-bains-fraiche-et-confortable\/#breadcrumb\",\"itemListElement\":[{\"@type\":\"ListItem\",\"position\":1,\"name\":\"Home\",\"item\":\"https:\/\/www.moma-design.it\/\"},{\"@type\":\"ListItem\",\"position\":2,\"name\":\"Meubles de salle de bains d&#8217;\u00e9t\u00e9 : id\u00e9es et tendances pour une salle de bains fra\u00eeche et confortable\"}]},{\"@type\":\"WebSite\",\"@id\":\"https:\/\/www.moma-design.it\/#website\",\"url\":\"https:\/\/www.moma-design.it\/\",\"name\":\"MOMA Design\",\"description\":\"\",\"publisher\":{\"@id\":\"https:\/\/www.moma-design.it\/#organization\"},\"potentialAction\":[{\"@type\":\"SearchAction\",\"target\":{\"@type\":\"EntryPoint\",\"urlTemplate\":\"https:\/\/www.moma-design.it\/?s={search_term_string}\"},\"query-input\":{\"@type\":\"PropertyValueSpecification\",\"valueRequired\":true,\"valueName\":\"search_term_string\"}}],\"inLanguage\":\"fr-FR\"},{\"@type\":\"Organization\",\"@id\":\"https:\/\/www.moma-design.it\/#organization\",\"name\":\"MOMA Design\",\"url\":\"https:\/\/www.moma-design.it\/\",\"logo\":{\"@type\":\"ImageObject\",\"inLanguage\":\"fr-FR\",\"@id\":\"https:\/\/www.moma-design.it\/#\/schema\/logo\/image\/\",\"url\":\"https:\/\/www.moma-design.it\/wp-content\/uploads\/2023\/07\/Logotipo-bianco-Moma-Design.png\",\"contentUrl\":\"https:\/\/www.moma-design.it\/wp-content\/uploads\/2023\/07\/Logotipo-bianco-Moma-Design.png\",\"width\":250,\"height\":150,\"caption\":\"MOMA Design\"},\"image\":{\"@id\":\"https:\/\/www.moma-design.it\/#\/schema\/logo\/image\/\"}},{\"@type\":\"Person\",\"@id\":\"https:\/\/www.moma-design.it\/#\/schema\/person\/75f17af98d2696602c12318522f82ba8\",\"name\":\"Michela Melissano\",\"image\":{\"@type\":\"ImageObject\",\"inLanguage\":\"fr-FR\",\"@id\":\"https:\/\/www.moma-design.it\/#\/schema\/person\/image\/\",\"url\":\"https:\/\/secure.gravatar.com\/avatar\/0621d8e5abd794b4e28548d00aaf935bf73b54d85ceb059b656bf4d97d6c1edc?s=96&d=mm&r=g\",\"contentUrl\":\"https:\/\/secure.gravatar.com\/avatar\/0621d8e5abd794b4e28548d00aaf935bf73b54d85ceb059b656bf4d97d6c1edc?s=96&d=mm&r=g\",\"caption\":\"Michela Melissano\"},\"url\":\"https:\/\/www.moma-design.it\/fr\/author\/moma-design\/\"}]}<\/script>\n<!-- \/ Yoast SEO plugin. -->","yoast_head_json":{"title":"Meubles de salle de bains d'\u00e9t\u00e9 | MOMA Design","description":"Les meubles de salle de bains d'\u00e9t\u00e9 se caract\u00e9risent par un renouvellement qui tend vers la fra\u00eecheur. Voici quelques id\u00e9es gagnantes de MOMA Design.","robots":{"index":"index","follow":"follow","max-snippet":"max-snippet:-1","max-image-preview":"max-image-preview:large","max-video-preview":"max-video-preview:-1"},"canonical":"https:\/\/www.moma-design.it\/fr\/meubles-de-salle-de-bains-dete-idees-et-tendances-pour-une-salle-de-bains-fraiche-et-confortable\/","og_locale":"fr_FR","og_type":"article","og_title":"Meubles de salle de bains d'\u00e9t\u00e9 | MOMA Design","og_description":"Les meubles de salle de bains d'\u00e9t\u00e9 se caract\u00e9risent par un renouvellement qui tend vers la fra\u00eecheur. Voici quelques id\u00e9es gagnantes de MOMA Design.","og_url":"https:\/\/www.moma-design.it\/fr\/meubles-de-salle-de-bains-dete-idees-et-tendances-pour-une-salle-de-bains-fraiche-et-confortable\/","og_site_name":"MOMA Design","article_published_time":"2025-07-28T09:50:58+00:00","article_modified_time":"2025-07-28T09:55:21+00:00","og_image":[{"width":1920,"height":800,"url":"https:\/\/www.moma-design.it\/wp-content\/uploads\/2025\/07\/COPERTINA-1920X800.jpg","type":"image\/jpeg"}],"author":"Michela Melissano","twitter_card":"summary_large_image","twitter_misc":{"\u00c9crit par":"Michela Melissano","Dur\u00e9e de lecture estim\u00e9e":"6 minutes"},"schema":{"@context":"https:\/\/schema.org","@graph":[{"@type":"Article","@id":"https:\/\/www.moma-design.it\/fr\/meubles-de-salle-de-bains-dete-idees-et-tendances-pour-une-salle-de-bains-fraiche-et-confortable\/#article","isPartOf":{"@id":"https:\/\/www.moma-design.it\/fr\/meubles-de-salle-de-bains-dete-idees-et-tendances-pour-une-salle-de-bains-fraiche-et-confortable\/"},"author":{"name":"Michela Melissano","@id":"https:\/\/www.moma-design.it\/#\/schema\/person\/75f17af98d2696602c12318522f82ba8"},"headline":"Meubles de salle de bains d&rsquo;\u00e9t\u00e9 : id\u00e9es et tendances pour une salle de bains fra\u00eeche et confortable","datePublished":"2025-07-28T09:50:58+00:00","dateModified":"2025-07-28T09:55:21+00:00","mainEntityOfPage":{"@id":"https:\/\/www.moma-design.it\/fr\/meubles-de-salle-de-bains-dete-idees-et-tendances-pour-une-salle-de-bains-fraiche-et-confortable\/"},"wordCount":859,"commentCount":0,"publisher":{"@id":"https:\/\/www.moma-design.it\/#organization"},"image":{"@id":"https:\/\/www.moma-design.it\/fr\/meubles-de-salle-de-bains-dete-idees-et-tendances-pour-une-salle-de-bains-fraiche-et-confortable\/#primaryimage"},"thumbnailUrl":"https:\/\/www.moma-design.it\/wp-content\/uploads\/2025\/07\/COPERTINA-1920X800.jpg","articleSection":["News","Non classifi\u00e9(e)"],"inLanguage":"fr-FR","potentialAction":[{"@type":"CommentAction","name":"Comment","target":["https:\/\/www.moma-design.it\/fr\/meubles-de-salle-de-bains-dete-idees-et-tendances-pour-une-salle-de-bains-fraiche-et-confortable\/#respond"]}]},{"@type":"WebPage","@id":"https:\/\/www.moma-design.it\/fr\/meubles-de-salle-de-bains-dete-idees-et-tendances-pour-une-salle-de-bains-fraiche-et-confortable\/","url":"https:\/\/www.moma-design.it\/fr\/meubles-de-salle-de-bains-dete-idees-et-tendances-pour-une-salle-de-bains-fraiche-et-confortable\/","name":"Meubles de salle de bains d'\u00e9t\u00e9 | MOMA Design","isPartOf":{"@id":"https:\/\/www.moma-design.it\/#website"},"primaryImageOfPage":{"@id":"https:\/\/www.moma-design.it\/fr\/meubles-de-salle-de-bains-dete-idees-et-tendances-pour-une-salle-de-bains-fraiche-et-confortable\/#primaryimage"},"image":{"@id":"https:\/\/www.moma-design.it\/fr\/meubles-de-salle-de-bains-dete-idees-et-tendances-pour-une-salle-de-bains-fraiche-et-confortable\/#primaryimage"},"thumbnailUrl":"https:\/\/www.moma-design.it\/wp-content\/uploads\/2025\/07\/COPERTINA-1920X800.jpg","datePublished":"2025-07-28T09:50:58+00:00","dateModified":"2025-07-28T09:55:21+00:00","description":"Les meubles de salle de bains d'\u00e9t\u00e9 se caract\u00e9risent par un renouvellement qui tend vers la fra\u00eecheur. Voici quelques id\u00e9es gagnantes de MOMA Design.","breadcrumb":{"@id":"https:\/\/www.moma-design.it\/fr\/meubles-de-salle-de-bains-dete-idees-et-tendances-pour-une-salle-de-bains-fraiche-et-confortable\/#breadcrumb"},"inLanguage":"fr-FR","potentialAction":[{"@type":"ReadAction","target":["https:\/\/www.moma-design.it\/fr\/meubles-de-salle-de-bains-dete-idees-et-tendances-pour-une-salle-de-bains-fraiche-et-confortable\/"]}]},{"@type":"ImageObject","inLanguage":"fr-FR","@id":"https:\/\/www.moma-design.it\/fr\/meubles-de-salle-de-bains-dete-idees-et-tendances-pour-une-salle-de-bains-fraiche-et-confortable\/#primaryimage","url":"https:\/\/www.moma-design.it\/wp-content\/uploads\/2025\/07\/COPERTINA-1920X800.jpg","contentUrl":"https:\/\/www.moma-design.it\/wp-content\/uploads\/2025\/07\/COPERTINA-1920X800.jpg","width":1920,"height":800,"caption":"copertina arredamento estivo"},{"@type":"BreadcrumbList","@id":"https:\/\/www.moma-design.it\/fr\/meubles-de-salle-de-bains-dete-idees-et-tendances-pour-une-salle-de-bains-fraiche-et-confortable\/#breadcrumb","itemListElement":[{"@type":"ListItem","position":1,"name":"Home","item":"https:\/\/www.moma-design.it\/"},{"@type":"ListItem","position":2,"name":"Meubles de salle de bains d&#8217;\u00e9t\u00e9 : id\u00e9es et tendances pour une salle de bains fra\u00eeche et confortable"}]},{"@type":"WebSite","@id":"https:\/\/www.moma-design.it\/#website","url":"https:\/\/www.moma-design.it\/","name":"MOMA Design","description":"","publisher":{"@id":"https:\/\/www.moma-design.it\/#organization"},"potentialAction":[{"@type":"SearchAction","target":{"@type":"EntryPoint","urlTemplate":"https:\/\/www.moma-design.it\/?s={search_term_string}"},"query-input":{"@type":"PropertyValueSpecification","valueRequired":true,"valueName":"search_term_string"}}],"inLanguage":"fr-FR"},{"@type":"Organization","@id":"https:\/\/www.moma-design.it\/#organization","name":"MOMA Design","url":"https:\/\/www.moma-design.it\/","logo":{"@type":"ImageObject","inLanguage":"fr-FR","@id":"https:\/\/www.moma-design.it\/#\/schema\/logo\/image\/","url":"https:\/\/www.moma-design.it\/wp-content\/uploads\/2023\/07\/Logotipo-bianco-Moma-Design.png","contentUrl":"https:\/\/www.moma-design.it\/wp-content\/uploads\/2023\/07\/Logotipo-bianco-Moma-Design.png","width":250,"height":150,"caption":"MOMA Design"},"image":{"@id":"https:\/\/www.moma-design.it\/#\/schema\/logo\/image\/"}},{"@type":"Person","@id":"https:\/\/www.moma-design.it\/#\/schema\/person\/75f17af98d2696602c12318522f82ba8","name":"Michela Melissano","image":{"@type":"ImageObject","inLanguage":"fr-FR","@id":"https:\/\/www.moma-design.it\/#\/schema\/person\/image\/","url":"https:\/\/secure.gravatar.com\/avatar\/0621d8e5abd794b4e28548d00aaf935bf73b54d85ceb059b656bf4d97d6c1edc?s=96&d=mm&r=g","contentUrl":"https:\/\/secure.gravatar.com\/avatar\/0621d8e5abd794b4e28548d00aaf935bf73b54d85ceb059b656bf4d97d6c1edc?s=96&d=mm&r=g","caption":"Michela Melissano"},"url":"https:\/\/www.moma-design.it\/fr\/author\/moma-design\/"}]}},"_links":{"self":[{"href":"https:\/\/www.moma-design.it\/fr\/wp-json\/wp\/v2\/posts\/45746","targetHints":{"allow":["GET"]}}],"collection":[{"href":"https:\/\/www.moma-design.it\/fr\/wp-json\/wp\/v2\/posts"}],"about":[{"href":"https:\/\/www.moma-design.it\/fr\/wp-json\/wp\/v2\/types\/post"}],"author":[{"embeddable":true,"href":"https:\/\/www.moma-design.it\/fr\/wp-json\/wp\/v2\/users\/2"}],"replies":[{"embeddable":true,"href":"https:\/\/www.moma-design.it\/fr\/wp-json\/wp\/v2\/comments?post=45746"}],"version-history":[{"count":4,"href":"https:\/\/www.moma-design.it\/fr\/wp-json\/wp\/v2\/posts\/45746\/revisions"}],"predecessor-version":[{"id":45845,"href":"https:\/\/www.moma-design.it\/fr\/wp-json\/wp\/v2\/posts\/45746\/revisions\/45845"}],"wp:featuredmedia":[{"embeddable":true,"href":"https:\/\/www.moma-design.it\/fr\/wp-json\/wp\/v2\/media\/45720"}],"wp:attachment":[{"href":"https:\/\/www.moma-design.it\/fr\/wp-json\/wp\/v2\/media?parent=45746"}],"wp:term":[{"taxonomy":"category","embeddable":true,"href":"https:\/\/www.moma-design.it\/fr\/wp-json\/wp\/v2\/categories?post=45746"},{"taxonomy":"post_tag","embeddable":true,"href":"https:\/\/www.moma-design.it\/fr\/wp-json\/wp\/v2\/tags?post=45746"},{"taxonomy":"realizzazione_categoria","embeddable":true,"href":"https:\/\/www.moma-design.it\/fr\/wp-json\/wp\/v2\/realizzazione_categoria?post=45746"}],"curies":[{"name":"wp","href":"https:\/\/api.w.org\/{rel}","templated":true}]}}