{"id":44690,"date":"2025-05-28T09:24:58","date_gmt":"2025-05-28T07:24:58","guid":{"rendered":"https:\/\/www.moma-design.it\/?p=44690"},"modified":"2025-05-29T15:47:31","modified_gmt":"2025-05-29T13:47:31","slug":"le-nouveau-meuble-etereo-de-moma-design","status":"publish","type":"post","link":"https:\/\/www.moma-design.it\/fr\/le-nouveau-meuble-etereo-de-moma-design\/","title":{"rendered":"Le nouveau meuble \u00ab Etereo \u00bb de MOMA Design"},"content":{"rendered":"\n<p>Le nouveau meuble \u00ab Etereo \u00bb de MOMA Design incarne une esth\u00e9tique suspendue entre l\u00e9g\u00e8ret\u00e9 et sophistication.<br\/><\/p>\n\n<p>Il s&rsquo;agit d&rsquo;une nouvelle collection murale suspendue qui d\u00e9fie \u00e9l\u00e9gamment la gravit\u00e9 gr\u00e2ce \u00e0 une silhouette \u00e9pur\u00e9e qui combine habilement des lignes courbes et droites.<\/p>\n\n<p>Pr\u00e9sent\u00e9 en avant-premi\u00e8re dans notre showroom dans la p\u00e9riode du <strong>Salone del Mobile 2025<\/strong>, ce meuble est similaire, dans son concept, \u00e0 notre collection \u00ab Eclectic \u00bb : un caisson arrondi, mais seulement \u00e0 l&rsquo;avant, rendu droite \u00e0 l&rsquo;arri\u00e8re pour pouvoir \u00eatre facilement fix\u00e9e au mur.<br\/><\/p>\n\n<p>Les parties lat\u00e9rales ne sont pas seulement esth\u00e9tiques, mais aussi fonctionnelles, s&rsquo;ouvrant par un l\u00e9ger syst\u00e8me de glissement, sans enlever un seul millim\u00e8tre d&rsquo;espace au reste de la salle de bains, puisqu&rsquo;elles s&rsquo;ouvrent et se ferment dans leur propre empreinte.<\/p>\n\n<h2 class=\"wp-block-heading\">CARACT\u00c9RISTIQUES DE LA COLLECTION \u201cETEREO\u201d<\/h2>\n\n<p>La collection est actuellement prototyp\u00e9e uniquement avec des tiroirs, deux superpos\u00e9s ou quatre dans la version double, mais il sera bien s\u00fbr possible de la personnaliser avec des portes et des compartiments ouverts, car comme toujours, la personnalisation caract\u00e9rise notre production.<\/p>\n\n<p>En ce qui concerne les finitions, nous avons voulu exag\u00e9rer dans la version d&rsquo;avant-premi\u00e8re : le dessus et les fa\u00e7ades des tiroirs sont en porphyre, un mat\u00e9riau exceptionnel pour lequel nous remercions Porfido F.lli Pedretti (distributeur exclusif de trois pierres italiennes uniques, le pourpre Porfido Vallecamonica, le jaune Porfido Giallogiotto et le vert Porfido Grigioverde), tandis que nous avons r\u00e9alis\u00e9 la structure du meuble et les portes coulissantes en mdf laqu\u00e9 mat couleur Champagne. Le contraste avec les poign\u00e9es en aluminium thermolaqu\u00e9 couleur bronze est extr\u00eamement d\u00e9licat, mais il permet de mettre en valeur chaque \u00e9l\u00e9ment de ce meuble structur\u00e9.<\/p>\n\n<figure class=\"wp-block-image aligncenter size-large\"><img fetchpriority=\"high\" decoding=\"async\" width=\"1024\" height=\"491\" src=\"https:\/\/www.moma-design.it\/wp-content\/uploads\/2025\/05\/showroom-1920x920-1-1024x491.jpg\" alt=\"\" class=\"wp-image-44294\" srcset=\"https:\/\/www.moma-design.it\/wp-content\/uploads\/2025\/05\/showroom-1920x920-1-1024x491.jpg 1024w, https:\/\/www.moma-design.it\/wp-content\/uploads\/2025\/05\/showroom-1920x920-1-400x192.jpg 400w, https:\/\/www.moma-design.it\/wp-content\/uploads\/2025\/05\/showroom-1920x920-1-768x368.jpg 768w, https:\/\/www.moma-design.it\/wp-content\/uploads\/2025\/05\/showroom-1920x920-1-300x144.jpg 300w, https:\/\/www.moma-design.it\/wp-content\/uploads\/2025\/05\/showroom-1920x920-1-600x288.jpg 600w, https:\/\/www.moma-design.it\/wp-content\/uploads\/2025\/05\/showroom-1920x920-1.jpg 1536w\" sizes=\"(max-width: 1024px) 100vw, 1024px\" \/><\/figure>\n\n<p><\/p>\n\n<div class=\"wp-block-buttons is-content-justification-center is-layout-flex wp-container-core-buttons-is-layout-b5994976 wp-block-buttons-is-layout-flex\">\n<div class=\"wp-block-button is-style-outline is-style-outline--1\"><a class=\"wp-block-button__link has-text-align-center wp-element-button\" href=\"\/wp-content\/uploads\/2025\/05\/NEW-COLLECTION-2025_BROCHURE-ETEREO.pdf\"><strong>T\u00c9L\u00c9CHARGER LA BROCHURE \u00ab\u00a0ETEREO\u00a0\u00bb<\/strong><\/a><\/div>\n<\/div>\n\n<p><\/p>\n\n<p>Comme toutes nos derni\u00e8res collections, celle-ci aura la possibilit\u00e9 d&rsquo;\u00eatre configur\u00e9e avec des fa\u00e7ades en verre bronz\u00e9, rehauss\u00e9es par des LED chaudes \u00e0 l&rsquo;int\u00e9rieur.<\/p>\n\n<p>Le plateau des meubles <strong>Etereo<\/strong> sera disponible en marbre, en Corian, en bois ou encore en gr\u00e8s. Le gr\u00e8s c\u00e9rame peut \u00e9galement \u00eatre utilis\u00e9 pour les fa\u00e7ades des tiroirs.<\/p>\n\n<p>Le plan mince peut \u00eatre combin\u00e9 avec tous nos lavabos \u00e0 poser, en Solid Surface ou en marbre, selon les go\u00fbts esth\u00e9tiques du client.<\/p>\n\n<p>Pratiquement tous nos mod\u00e8les de lavabos peuvent \u00eatre adapt\u00e9s \u00e0 la version avec plan int\u00e9gr\u00e9, mince ou \u00e9pais, bien que les mod\u00e8les Aquatico et Soft soient certainement les plus attrayants.<\/p>\n\n<div class=\"wp-block-columns alignwide is-layout-flex wp-container-core-columns-is-layout-28f84493 wp-block-columns-is-layout-flex\">\n<div class=\"wp-block-column is-layout-flow wp-block-column-is-layout-flow\">\n<figure class=\"wp-block-image aligncenter size-full\"><img decoding=\"async\" width=\"450\" height=\"450\" src=\"https:\/\/www.moma-design.it\/wp-content\/uploads\/2025\/05\/1-450x450-2.jpg\" alt=\"\" class=\"wp-image-44278\" srcset=\"https:\/\/www.moma-design.it\/wp-content\/uploads\/2025\/05\/1-450x450-2.jpg 450w, https:\/\/www.moma-design.it\/wp-content\/uploads\/2025\/05\/1-450x450-2-400x400.jpg 400w, https:\/\/www.moma-design.it\/wp-content\/uploads\/2025\/05\/1-450x450-2-150x150.jpg 150w, https:\/\/www.moma-design.it\/wp-content\/uploads\/2025\/05\/1-450x450-2-300x300.jpg 300w, https:\/\/www.moma-design.it\/wp-content\/uploads\/2025\/05\/1-450x450-2-100x100.jpg 100w\" sizes=\"(max-width: 450px) 100vw, 450px\" \/><\/figure>\n<\/div>\n\n\n\n<div class=\"wp-block-column is-layout-flow wp-block-column-is-layout-flow\">\n<figure class=\"wp-block-image aligncenter size-full\"><img decoding=\"async\" width=\"450\" height=\"450\" src=\"https:\/\/www.moma-design.it\/wp-content\/uploads\/2025\/05\/2-450x450-2.jpg\" alt=\"\" class=\"wp-image-44282\" srcset=\"https:\/\/www.moma-design.it\/wp-content\/uploads\/2025\/05\/2-450x450-2.jpg 450w, https:\/\/www.moma-design.it\/wp-content\/uploads\/2025\/05\/2-450x450-2-400x400.jpg 400w, https:\/\/www.moma-design.it\/wp-content\/uploads\/2025\/05\/2-450x450-2-150x150.jpg 150w, https:\/\/www.moma-design.it\/wp-content\/uploads\/2025\/05\/2-450x450-2-300x300.jpg 300w, https:\/\/www.moma-design.it\/wp-content\/uploads\/2025\/05\/2-450x450-2-100x100.jpg 100w\" sizes=\"(max-width: 450px) 100vw, 450px\" \/><\/figure>\n<\/div>\n\n\n\n<div class=\"wp-block-column is-layout-flow wp-block-column-is-layout-flow\">\n<figure class=\"wp-block-image aligncenter size-full\"><img loading=\"lazy\" decoding=\"async\" width=\"450\" height=\"450\" src=\"https:\/\/www.moma-design.it\/wp-content\/uploads\/2025\/05\/3-450x450-2.jpg\" alt=\"\" class=\"wp-image-44290\" srcset=\"https:\/\/www.moma-design.it\/wp-content\/uploads\/2025\/05\/3-450x450-2.jpg 450w, https:\/\/www.moma-design.it\/wp-content\/uploads\/2025\/05\/3-450x450-2-400x400.jpg 400w, https:\/\/www.moma-design.it\/wp-content\/uploads\/2025\/05\/3-450x450-2-150x150.jpg 150w, https:\/\/www.moma-design.it\/wp-content\/uploads\/2025\/05\/3-450x450-2-300x300.jpg 300w, https:\/\/www.moma-design.it\/wp-content\/uploads\/2025\/05\/3-450x450-2-100x100.jpg 100w\" sizes=\"(max-width: 450px) 100vw, 450px\" \/><\/figure>\n<\/div>\n<\/div>\n\n<h2 class=\"wp-block-heading\">PLONGEZ DANS L&rsquo;UNIVERS DE MOMA DESIGN<\/h2>\n\n<p>\u00ab Etereo \u00bb refl\u00e8te parfaitement la philosophie de MOMA Design : combiner des mat\u00e9riaux de haute qualit\u00e9 et un travail sur mesure pour cr\u00e9er un \u00e9quilibre sophistiqu\u00e9 et intemporel entre fonctionnalit\u00e9 et beaut\u00e9.<\/p>\n\n<p>Son nom rappelle l&rsquo;id\u00e9e d&rsquo;un objet impalpable, presque immat\u00e9riel, qui s&rsquo;int\u00e8gre harmonieusement dans les espaces sans les alourdir, \u00e9voquant un sentiment de calme et d&rsquo;harmonie visuelle. Venez d\u00e9couvrir et toucher cette nouvelle collection surprenante dans notre salle d&rsquo;exposition.<\/p>\n","protected":false},"excerpt":{"rendered":"<p>Venez d\u00e9couvrir le nouveau meuble \u00ab Etereo \u00bb de MOMA Design, qui incarne une esth\u00e9tique l\u00e9g\u00e8re et \u00e9l\u00e9gante, gr\u00e2ce \u00e0 ses coins arrondis et \u00e0 sa fixation suspendue.<\/p>\n","protected":false},"author":2,"featured_media":44288,"comment_status":"open","ping_status":"open","sticky":false,"template":"","format":"standard","meta":{"site-sidebar-layout":"default","site-content-layout":"","ast-site-content-layout":"default","site-content-style":"default","site-sidebar-style":"default","ast-global-header-display":"","ast-banner-title-visibility":"","ast-main-header-display":"","ast-hfb-above-header-display":"","ast-hfb-below-header-display":"","ast-hfb-mobile-header-display":"","site-post-title":"","ast-breadcrumbs-content":"","ast-featured-img":"","footer-sml-layout":"","ast-disable-related-posts":"","theme-transparent-header-meta":"","adv-header-id-meta":"","stick-header-meta":"","header-above-stick-meta":"","header-main-stick-meta":"","header-below-stick-meta":"","astra-migrate-meta-layouts":"set","ast-page-background-enabled":"default","ast-page-background-meta":{"desktop":{"background-color":"var(--ast-global-color-4)","background-image":"","background-repeat":"repeat","background-position":"center center","background-size":"auto","background-attachment":"scroll","background-type":"","background-media":"","overlay-type":"","overlay-color":"","overlay-opacity":"","overlay-gradient":""},"tablet":{"background-color":"","background-image":"","background-repeat":"repeat","background-position":"center center","background-size":"auto","background-attachment":"scroll","background-type":"","background-media":"","overlay-type":"","overlay-color":"","overlay-opacity":"","overlay-gradient":""},"mobile":{"background-color":"","background-image":"","background-repeat":"repeat","background-position":"center center","background-size":"auto","background-attachment":"scroll","background-type":"","background-media":"","overlay-type":"","overlay-color":"","overlay-opacity":"","overlay-gradient":""}},"ast-content-background-meta":{"desktop":{"background-color":"var(--ast-global-color-5)","background-image":"","background-repeat":"repeat","background-position":"center center","background-size":"auto","background-attachment":"scroll","background-type":"","background-media":"","overlay-type":"","overlay-color":"","overlay-opacity":"","overlay-gradient":""},"tablet":{"background-color":"var(--ast-global-color-5)","background-image":"","background-repeat":"repeat","background-position":"center center","background-size":"auto","background-attachment":"scroll","background-type":"","background-media":"","overlay-type":"","overlay-color":"","overlay-opacity":"","overlay-gradient":""},"mobile":{"background-color":"var(--ast-global-color-5)","background-image":"","background-repeat":"repeat","background-position":"center center","background-size":"auto","background-attachment":"scroll","background-type":"","background-media":"","overlay-type":"","overlay-color":"","overlay-opacity":"","overlay-gradient":""}},"footnotes":""},"categories":[222,131],"tags":[],"realizzazione_categoria":[],"class_list":["post-44690","post","type-post","status-publish","format-standard","has-post-thumbnail","hentry","category-news-fr","category-non-classifiee"],"yoast_head":"<!-- This site is optimized with the Yoast SEO plugin v26.8 - https:\/\/yoast.com\/product\/yoast-seo-wordpress\/ -->\n<title>Le nouveau meuble Etereo | MOMA Design<\/title>\n<meta name=\"description\" content=\"Le nouveau meuble \u00ab Etereo \u00bb de MOMA Design incarne une esth\u00e9tique suspendue et \u00e9l\u00e9gante, gr\u00e2ce \u00e0 ses coins arrondis et \u00e0 sa fixation murale.\" \/>\n<meta name=\"robots\" content=\"index, follow, max-snippet:-1, max-image-preview:large, max-video-preview:-1\" \/>\n<link rel=\"canonical\" href=\"https:\/\/www.moma-design.it\/fr\/le-nouveau-meuble-etereo-de-moma-design\/\" \/>\n<meta property=\"og:locale\" content=\"fr_FR\" \/>\n<meta property=\"og:type\" content=\"article\" \/>\n<meta property=\"og:title\" content=\"Le nouveau meuble Etereo | MOMA Design\" \/>\n<meta property=\"og:description\" content=\"Le nouveau meuble \u00ab Etereo \u00bb de MOMA Design incarne une esth\u00e9tique suspendue et \u00e9l\u00e9gante, gr\u00e2ce \u00e0 ses coins arrondis et \u00e0 sa fixation murale.\" \/>\n<meta property=\"og:url\" content=\"https:\/\/www.moma-design.it\/fr\/le-nouveau-meuble-etereo-de-moma-design\/\" \/>\n<meta property=\"og:site_name\" content=\"MOMA Design\" \/>\n<meta property=\"article:published_time\" content=\"2025-05-28T07:24:58+00:00\" \/>\n<meta property=\"article:modified_time\" content=\"2025-05-29T13:47:31+00:00\" \/>\n<meta property=\"og:image\" content=\"https:\/\/www.moma-design.it\/wp-content\/uploads\/2025\/05\/2_copertina-1920x800-1.jpg\" \/>\n\t<meta property=\"og:image:width\" content=\"1920\" \/>\n\t<meta property=\"og:image:height\" content=\"800\" \/>\n\t<meta property=\"og:image:type\" content=\"image\/jpeg\" \/>\n<meta name=\"author\" content=\"Michela Melissano\" \/>\n<meta name=\"twitter:card\" content=\"summary_large_image\" \/>\n<meta name=\"twitter:label1\" content=\"\u00c9crit par\" \/>\n\t<meta name=\"twitter:data1\" content=\"Michela Melissano\" \/>\n\t<meta name=\"twitter:label2\" content=\"Dur\u00e9e de lecture estim\u00e9e\" \/>\n\t<meta name=\"twitter:data2\" content=\"4 minutes\" \/>\n<script type=\"application\/ld+json\" class=\"yoast-schema-graph\">{\"@context\":\"https:\/\/schema.org\",\"@graph\":[{\"@type\":\"Article\",\"@id\":\"https:\/\/www.moma-design.it\/fr\/le-nouveau-meuble-etereo-de-moma-design\/#article\",\"isPartOf\":{\"@id\":\"https:\/\/www.moma-design.it\/fr\/le-nouveau-meuble-etereo-de-moma-design\/\"},\"author\":{\"name\":\"Michela Melissano\",\"@id\":\"https:\/\/www.moma-design.it\/#\/schema\/person\/75f17af98d2696602c12318522f82ba8\"},\"headline\":\"Le nouveau meuble \u00ab Etereo \u00bb de MOMA Design\",\"datePublished\":\"2025-05-28T07:24:58+00:00\",\"dateModified\":\"2025-05-29T13:47:31+00:00\",\"mainEntityOfPage\":{\"@id\":\"https:\/\/www.moma-design.it\/fr\/le-nouveau-meuble-etereo-de-moma-design\/\"},\"wordCount\":525,\"commentCount\":0,\"publisher\":{\"@id\":\"https:\/\/www.moma-design.it\/#organization\"},\"image\":{\"@id\":\"https:\/\/www.moma-design.it\/fr\/le-nouveau-meuble-etereo-de-moma-design\/#primaryimage\"},\"thumbnailUrl\":\"https:\/\/www.moma-design.it\/wp-content\/uploads\/2025\/05\/2_copertina-1920x800-1.jpg\",\"articleSection\":[\"News\",\"Non classifi\u00e9(e)\"],\"inLanguage\":\"fr-FR\",\"potentialAction\":[{\"@type\":\"CommentAction\",\"name\":\"Comment\",\"target\":[\"https:\/\/www.moma-design.it\/fr\/le-nouveau-meuble-etereo-de-moma-design\/#respond\"]}]},{\"@type\":\"WebPage\",\"@id\":\"https:\/\/www.moma-design.it\/fr\/le-nouveau-meuble-etereo-de-moma-design\/\",\"url\":\"https:\/\/www.moma-design.it\/fr\/le-nouveau-meuble-etereo-de-moma-design\/\",\"name\":\"Le nouveau meuble Etereo | MOMA Design\",\"isPartOf\":{\"@id\":\"https:\/\/www.moma-design.it\/#website\"},\"primaryImageOfPage\":{\"@id\":\"https:\/\/www.moma-design.it\/fr\/le-nouveau-meuble-etereo-de-moma-design\/#primaryimage\"},\"image\":{\"@id\":\"https:\/\/www.moma-design.it\/fr\/le-nouveau-meuble-etereo-de-moma-design\/#primaryimage\"},\"thumbnailUrl\":\"https:\/\/www.moma-design.it\/wp-content\/uploads\/2025\/05\/2_copertina-1920x800-1.jpg\",\"datePublished\":\"2025-05-28T07:24:58+00:00\",\"dateModified\":\"2025-05-29T13:47:31+00:00\",\"description\":\"Le nouveau meuble \u00ab Etereo \u00bb de MOMA Design incarne une esth\u00e9tique suspendue et \u00e9l\u00e9gante, gr\u00e2ce \u00e0 ses coins arrondis et \u00e0 sa fixation murale.\",\"breadcrumb\":{\"@id\":\"https:\/\/www.moma-design.it\/fr\/le-nouveau-meuble-etereo-de-moma-design\/#breadcrumb\"},\"inLanguage\":\"fr-FR\",\"potentialAction\":[{\"@type\":\"ReadAction\",\"target\":[\"https:\/\/www.moma-design.it\/fr\/le-nouveau-meuble-etereo-de-moma-design\/\"]}]},{\"@type\":\"ImageObject\",\"inLanguage\":\"fr-FR\",\"@id\":\"https:\/\/www.moma-design.it\/fr\/le-nouveau-meuble-etereo-de-moma-design\/#primaryimage\",\"url\":\"https:\/\/www.moma-design.it\/wp-content\/uploads\/2025\/05\/2_copertina-1920x800-1.jpg\",\"contentUrl\":\"https:\/\/www.moma-design.it\/wp-content\/uploads\/2025\/05\/2_copertina-1920x800-1.jpg\",\"width\":1920,\"height\":800,\"caption\":\"mobile etereo in noce con frontali in vetro bronzato\"},{\"@type\":\"BreadcrumbList\",\"@id\":\"https:\/\/www.moma-design.it\/fr\/le-nouveau-meuble-etereo-de-moma-design\/#breadcrumb\",\"itemListElement\":[{\"@type\":\"ListItem\",\"position\":1,\"name\":\"Home\",\"item\":\"https:\/\/www.moma-design.it\/\"},{\"@type\":\"ListItem\",\"position\":2,\"name\":\"Le nouveau meuble \u00ab Etereo \u00bb de MOMA Design\"}]},{\"@type\":\"WebSite\",\"@id\":\"https:\/\/www.moma-design.it\/#website\",\"url\":\"https:\/\/www.moma-design.it\/\",\"name\":\"MOMA Design\",\"description\":\"\",\"publisher\":{\"@id\":\"https:\/\/www.moma-design.it\/#organization\"},\"potentialAction\":[{\"@type\":\"SearchAction\",\"target\":{\"@type\":\"EntryPoint\",\"urlTemplate\":\"https:\/\/www.moma-design.it\/?s={search_term_string}\"},\"query-input\":{\"@type\":\"PropertyValueSpecification\",\"valueRequired\":true,\"valueName\":\"search_term_string\"}}],\"inLanguage\":\"fr-FR\"},{\"@type\":\"Organization\",\"@id\":\"https:\/\/www.moma-design.it\/#organization\",\"name\":\"MOMA Design\",\"url\":\"https:\/\/www.moma-design.it\/\",\"logo\":{\"@type\":\"ImageObject\",\"inLanguage\":\"fr-FR\",\"@id\":\"https:\/\/www.moma-design.it\/#\/schema\/logo\/image\/\",\"url\":\"https:\/\/www.moma-design.it\/wp-content\/uploads\/2023\/07\/Logotipo-bianco-Moma-Design.png\",\"contentUrl\":\"https:\/\/www.moma-design.it\/wp-content\/uploads\/2023\/07\/Logotipo-bianco-Moma-Design.png\",\"width\":250,\"height\":150,\"caption\":\"MOMA Design\"},\"image\":{\"@id\":\"https:\/\/www.moma-design.it\/#\/schema\/logo\/image\/\"}},{\"@type\":\"Person\",\"@id\":\"https:\/\/www.moma-design.it\/#\/schema\/person\/75f17af98d2696602c12318522f82ba8\",\"name\":\"Michela Melissano\",\"image\":{\"@type\":\"ImageObject\",\"inLanguage\":\"fr-FR\",\"@id\":\"https:\/\/www.moma-design.it\/#\/schema\/person\/image\/\",\"url\":\"https:\/\/secure.gravatar.com\/avatar\/0621d8e5abd794b4e28548d00aaf935bf73b54d85ceb059b656bf4d97d6c1edc?s=96&d=mm&r=g\",\"contentUrl\":\"https:\/\/secure.gravatar.com\/avatar\/0621d8e5abd794b4e28548d00aaf935bf73b54d85ceb059b656bf4d97d6c1edc?s=96&d=mm&r=g\",\"caption\":\"Michela Melissano\"},\"url\":\"https:\/\/www.moma-design.it\/fr\/author\/moma-design\/\"}]}<\/script>\n<!-- \/ Yoast SEO plugin. -->","yoast_head_json":{"title":"Le nouveau meuble Etereo | MOMA Design","description":"Le nouveau meuble \u00ab Etereo \u00bb de MOMA Design incarne une esth\u00e9tique suspendue et \u00e9l\u00e9gante, gr\u00e2ce \u00e0 ses coins arrondis et \u00e0 sa fixation murale.","robots":{"index":"index","follow":"follow","max-snippet":"max-snippet:-1","max-image-preview":"max-image-preview:large","max-video-preview":"max-video-preview:-1"},"canonical":"https:\/\/www.moma-design.it\/fr\/le-nouveau-meuble-etereo-de-moma-design\/","og_locale":"fr_FR","og_type":"article","og_title":"Le nouveau meuble Etereo | MOMA Design","og_description":"Le nouveau meuble \u00ab Etereo \u00bb de MOMA Design incarne une esth\u00e9tique suspendue et \u00e9l\u00e9gante, gr\u00e2ce \u00e0 ses coins arrondis et \u00e0 sa fixation murale.","og_url":"https:\/\/www.moma-design.it\/fr\/le-nouveau-meuble-etereo-de-moma-design\/","og_site_name":"MOMA Design","article_published_time":"2025-05-28T07:24:58+00:00","article_modified_time":"2025-05-29T13:47:31+00:00","og_image":[{"width":1920,"height":800,"url":"https:\/\/www.moma-design.it\/wp-content\/uploads\/2025\/05\/2_copertina-1920x800-1.jpg","type":"image\/jpeg"}],"author":"Michela Melissano","twitter_card":"summary_large_image","twitter_misc":{"\u00c9crit par":"Michela Melissano","Dur\u00e9e de lecture estim\u00e9e":"4 minutes"},"schema":{"@context":"https:\/\/schema.org","@graph":[{"@type":"Article","@id":"https:\/\/www.moma-design.it\/fr\/le-nouveau-meuble-etereo-de-moma-design\/#article","isPartOf":{"@id":"https:\/\/www.moma-design.it\/fr\/le-nouveau-meuble-etereo-de-moma-design\/"},"author":{"name":"Michela Melissano","@id":"https:\/\/www.moma-design.it\/#\/schema\/person\/75f17af98d2696602c12318522f82ba8"},"headline":"Le nouveau meuble \u00ab Etereo \u00bb de MOMA Design","datePublished":"2025-05-28T07:24:58+00:00","dateModified":"2025-05-29T13:47:31+00:00","mainEntityOfPage":{"@id":"https:\/\/www.moma-design.it\/fr\/le-nouveau-meuble-etereo-de-moma-design\/"},"wordCount":525,"commentCount":0,"publisher":{"@id":"https:\/\/www.moma-design.it\/#organization"},"image":{"@id":"https:\/\/www.moma-design.it\/fr\/le-nouveau-meuble-etereo-de-moma-design\/#primaryimage"},"thumbnailUrl":"https:\/\/www.moma-design.it\/wp-content\/uploads\/2025\/05\/2_copertina-1920x800-1.jpg","articleSection":["News","Non classifi\u00e9(e)"],"inLanguage":"fr-FR","potentialAction":[{"@type":"CommentAction","name":"Comment","target":["https:\/\/www.moma-design.it\/fr\/le-nouveau-meuble-etereo-de-moma-design\/#respond"]}]},{"@type":"WebPage","@id":"https:\/\/www.moma-design.it\/fr\/le-nouveau-meuble-etereo-de-moma-design\/","url":"https:\/\/www.moma-design.it\/fr\/le-nouveau-meuble-etereo-de-moma-design\/","name":"Le nouveau meuble Etereo | MOMA Design","isPartOf":{"@id":"https:\/\/www.moma-design.it\/#website"},"primaryImageOfPage":{"@id":"https:\/\/www.moma-design.it\/fr\/le-nouveau-meuble-etereo-de-moma-design\/#primaryimage"},"image":{"@id":"https:\/\/www.moma-design.it\/fr\/le-nouveau-meuble-etereo-de-moma-design\/#primaryimage"},"thumbnailUrl":"https:\/\/www.moma-design.it\/wp-content\/uploads\/2025\/05\/2_copertina-1920x800-1.jpg","datePublished":"2025-05-28T07:24:58+00:00","dateModified":"2025-05-29T13:47:31+00:00","description":"Le nouveau meuble \u00ab Etereo \u00bb de MOMA Design incarne une esth\u00e9tique suspendue et \u00e9l\u00e9gante, gr\u00e2ce \u00e0 ses coins arrondis et \u00e0 sa fixation murale.","breadcrumb":{"@id":"https:\/\/www.moma-design.it\/fr\/le-nouveau-meuble-etereo-de-moma-design\/#breadcrumb"},"inLanguage":"fr-FR","potentialAction":[{"@type":"ReadAction","target":["https:\/\/www.moma-design.it\/fr\/le-nouveau-meuble-etereo-de-moma-design\/"]}]},{"@type":"ImageObject","inLanguage":"fr-FR","@id":"https:\/\/www.moma-design.it\/fr\/le-nouveau-meuble-etereo-de-moma-design\/#primaryimage","url":"https:\/\/www.moma-design.it\/wp-content\/uploads\/2025\/05\/2_copertina-1920x800-1.jpg","contentUrl":"https:\/\/www.moma-design.it\/wp-content\/uploads\/2025\/05\/2_copertina-1920x800-1.jpg","width":1920,"height":800,"caption":"mobile etereo in noce con frontali in vetro bronzato"},{"@type":"BreadcrumbList","@id":"https:\/\/www.moma-design.it\/fr\/le-nouveau-meuble-etereo-de-moma-design\/#breadcrumb","itemListElement":[{"@type":"ListItem","position":1,"name":"Home","item":"https:\/\/www.moma-design.it\/"},{"@type":"ListItem","position":2,"name":"Le nouveau meuble \u00ab Etereo \u00bb de MOMA Design"}]},{"@type":"WebSite","@id":"https:\/\/www.moma-design.it\/#website","url":"https:\/\/www.moma-design.it\/","name":"MOMA Design","description":"","publisher":{"@id":"https:\/\/www.moma-design.it\/#organization"},"potentialAction":[{"@type":"SearchAction","target":{"@type":"EntryPoint","urlTemplate":"https:\/\/www.moma-design.it\/?s={search_term_string}"},"query-input":{"@type":"PropertyValueSpecification","valueRequired":true,"valueName":"search_term_string"}}],"inLanguage":"fr-FR"},{"@type":"Organization","@id":"https:\/\/www.moma-design.it\/#organization","name":"MOMA Design","url":"https:\/\/www.moma-design.it\/","logo":{"@type":"ImageObject","inLanguage":"fr-FR","@id":"https:\/\/www.moma-design.it\/#\/schema\/logo\/image\/","url":"https:\/\/www.moma-design.it\/wp-content\/uploads\/2023\/07\/Logotipo-bianco-Moma-Design.png","contentUrl":"https:\/\/www.moma-design.it\/wp-content\/uploads\/2023\/07\/Logotipo-bianco-Moma-Design.png","width":250,"height":150,"caption":"MOMA Design"},"image":{"@id":"https:\/\/www.moma-design.it\/#\/schema\/logo\/image\/"}},{"@type":"Person","@id":"https:\/\/www.moma-design.it\/#\/schema\/person\/75f17af98d2696602c12318522f82ba8","name":"Michela Melissano","image":{"@type":"ImageObject","inLanguage":"fr-FR","@id":"https:\/\/www.moma-design.it\/#\/schema\/person\/image\/","url":"https:\/\/secure.gravatar.com\/avatar\/0621d8e5abd794b4e28548d00aaf935bf73b54d85ceb059b656bf4d97d6c1edc?s=96&d=mm&r=g","contentUrl":"https:\/\/secure.gravatar.com\/avatar\/0621d8e5abd794b4e28548d00aaf935bf73b54d85ceb059b656bf4d97d6c1edc?s=96&d=mm&r=g","caption":"Michela Melissano"},"url":"https:\/\/www.moma-design.it\/fr\/author\/moma-design\/"}]}},"_links":{"self":[{"href":"https:\/\/www.moma-design.it\/fr\/wp-json\/wp\/v2\/posts\/44690","targetHints":{"allow":["GET"]}}],"collection":[{"href":"https:\/\/www.moma-design.it\/fr\/wp-json\/wp\/v2\/posts"}],"about":[{"href":"https:\/\/www.moma-design.it\/fr\/wp-json\/wp\/v2\/types\/post"}],"author":[{"embeddable":true,"href":"https:\/\/www.moma-design.it\/fr\/wp-json\/wp\/v2\/users\/2"}],"replies":[{"embeddable":true,"href":"https:\/\/www.moma-design.it\/fr\/wp-json\/wp\/v2\/comments?post=44690"}],"version-history":[{"count":6,"href":"https:\/\/www.moma-design.it\/fr\/wp-json\/wp\/v2\/posts\/44690\/revisions"}],"predecessor-version":[{"id":44836,"href":"https:\/\/www.moma-design.it\/fr\/wp-json\/wp\/v2\/posts\/44690\/revisions\/44836"}],"wp:featuredmedia":[{"embeddable":true,"href":"https:\/\/www.moma-design.it\/fr\/wp-json\/wp\/v2\/media\/44288"}],"wp:attachment":[{"href":"https:\/\/www.moma-design.it\/fr\/wp-json\/wp\/v2\/media?parent=44690"}],"wp:term":[{"taxonomy":"category","embeddable":true,"href":"https:\/\/www.moma-design.it\/fr\/wp-json\/wp\/v2\/categories?post=44690"},{"taxonomy":"post_tag","embeddable":true,"href":"https:\/\/www.moma-design.it\/fr\/wp-json\/wp\/v2\/tags?post=44690"},{"taxonomy":"realizzazione_categoria","embeddable":true,"href":"https:\/\/www.moma-design.it\/fr\/wp-json\/wp\/v2\/realizzazione_categoria?post=44690"}],"curies":[{"name":"wp","href":"https:\/\/api.w.org\/{rel}","templated":true}]}}