{"id":43779,"date":"2025-03-31T09:50:03","date_gmt":"2025-03-31T07:50:03","guid":{"rendered":"https:\/\/www.moma-design.it\/?p=43779"},"modified":"2025-03-31T09:52:06","modified_gmt":"2025-03-31T07:52:06","slug":"moma-design-ouvre-ses-portes-pour-la-semaine-du-design-2025","status":"publish","type":"post","link":"https:\/\/www.moma-design.it\/fr\/moma-design-ouvre-ses-portes-pour-la-semaine-du-design-2025\/","title":{"rendered":"MOMA Design ouvre ses portes pour la Semaine du Design 2025"},"content":{"rendered":"\n<p>MOMA Design vous attend pendant la Semaine du Design 2025!<\/p>\n\n<p>Du 8 au 13 avril 2025, Milan se transformera \u00e0 nouveau en capitale mondiale du design \u00e0 l&rsquo;occasion du Salone del Mobile et donc de la Milan Design Week.<\/p>\n\n<p>Le Salone del Bagno c\u00e8de cette ann\u00e9e la place, comme d&rsquo;habitude les ann\u00e9es impaires, au Salon de l&rsquo;\u00e9clairage Euroluce, et reviendra en 2026.<\/p>\n\n<p>Dans le contexte \u00e9tincelant de la Semaine du Design, le MOMA Design ouvrira les portes de sa salle d&rsquo;exposition (et plus encore) pour offrir aux visiteurs une exp\u00e9rience immersive dans le monde du design et, pourquoi pas, une pause bien m\u00e9rit\u00e9e dans la fr\u00e9n\u00e9sie milanaise.<\/p>\n\n<div class=\"wp-block-columns is-layout-flex wp-container-core-columns-is-layout-28f84493 wp-block-columns-is-layout-flex\">\n<div class=\"wp-block-column is-layout-flow wp-block-column-is-layout-flow\" style=\"flex-basis:100%\">\n<figure class=\"wp-block-image size-large\"><img fetchpriority=\"high\" decoding=\"async\" width=\"1024\" height=\"1019\" src=\"https:\/\/www.moma-design.it\/wp-content\/uploads\/2024\/04\/MOMA_DESIGN-WEEK-2025-1024x1019.png\" alt=\"\" class=\"wp-image-43762\" srcset=\"https:\/\/www.moma-design.it\/wp-content\/uploads\/2024\/04\/MOMA_DESIGN-WEEK-2025-1024x1019.png 1024w, https:\/\/www.moma-design.it\/wp-content\/uploads\/2024\/04\/MOMA_DESIGN-WEEK-2025-400x398.png 400w, https:\/\/www.moma-design.it\/wp-content\/uploads\/2024\/04\/MOMA_DESIGN-WEEK-2025-150x150.png 150w, https:\/\/www.moma-design.it\/wp-content\/uploads\/2024\/04\/MOMA_DESIGN-WEEK-2025-768x764.png 768w, https:\/\/www.moma-design.it\/wp-content\/uploads\/2024\/04\/MOMA_DESIGN-WEEK-2025-1536x1529.png 1536w, https:\/\/www.moma-design.it\/wp-content\/uploads\/2024\/04\/MOMA_DESIGN-WEEK-2025-2048x2039.png 2048w, https:\/\/www.moma-design.it\/wp-content\/uploads\/2024\/04\/MOMA_DESIGN-WEEK-2025-300x299.png 300w, https:\/\/www.moma-design.it\/wp-content\/uploads\/2024\/04\/MOMA_DESIGN-WEEK-2025-600x597.png 600w, https:\/\/www.moma-design.it\/wp-content\/uploads\/2024\/04\/MOMA_DESIGN-WEEK-2025-100x100.png 100w\" sizes=\"(max-width: 1024px) 100vw, 1024px\" \/><\/figure>\n<\/div>\n<\/div>\n\n<h2 class=\"wp-block-heading\">o\u00f9 nous sommes<\/h2>\n\n<p>Situ\u00e9 dans la petite ville de Bareggio, \u00e0 10 minutes du parc des expositions Rho-Fiera et \u00e0 moins d&rsquo;une demi-heure du centre de Milan et donc du Fuorisalone, MOMA Design est une r\u00e9alit\u00e9 unique en son genre : une manufacture enti\u00e8rement italienne, o\u00f9 le Made in Italy (ou plut\u00f4t le Made in Milan) est le seul v\u00e9ritable credo.<\/p>\n\n<p>\u00c9galement tr\u00e8s proche de l&rsquo;a\u00e9roport Malpensa de Milan, le <a href=\"https:\/\/www.moma-design.it\/fr\/a-propos-de-nous\/\">showroom<\/a> du MOMA Design deviendra un point de r\u00e9f\u00e9rence pour les passionn\u00e9s et les professionnels du design pendant la semaine du design.<\/p>\n\n<h2 class=\"wp-block-heading\">pourquoi nous visiter<\/h2>\n\n<p>Chez MOMA Design, les visiteurs auront l&rsquo;occasion unique de voir de leurs propres yeux les installations de production o\u00f9 nos id\u00e9es prennent vie chaque jour : la menuiserie, le d\u00e9partement de coupe et de collage, le bureau technique et l&rsquo;usine de moulage pour notre surface solide autoproduite, White Stonage.<\/p>\n\n<p>La visite de la salle d&rsquo;exposition sera le point culminant de la visite, o\u00f9 le visiteur pourra explorer et toucher les produits finis repr\u00e9sentant les meilleures collections de l&rsquo;entreprise, caract\u00e9ris\u00e9es par un \u00e9quilibre parfait entre l&rsquo;esth\u00e9tique raffin\u00e9e et la fonctionnalit\u00e9 innovante.<\/p>\n\n<p>Conform\u00e9ment au th\u00e8me de la Semaine du Design de Milan 2025, \u00ab\u00a0Connected Worlds\u00a0\u00bb, MOMA Design pr\u00e9sentera sa propre interpr\u00e9tation de l&rsquo;interaction entre le design, la technologie et la durabilit\u00e9. L&rsquo;entreprise s&rsquo;est toujours engag\u00e9e \u00e0 utiliser des mat\u00e9riaux respectueux de l&rsquo;environnement et \u00e0 adopter des processus de production responsables qui allient la force de la technologie \u00e0 la fascination de l&rsquo;artisanat.<\/p>\n\n<p>Une visite \u00e0 MOMA Design pendant la Semaine du Design de Milan 2025 est une occasion unique de d\u00e9couvrir comment l&rsquo;entreprise continue \u00e0 red\u00e9finir les normes du mobilier de salle de bains de luxe, en combinant l&rsquo;artisanat italien traditionnel et la recherche continue pour trouver des solutions d&rsquo;avant-garde.<\/p>\n\n<p><\/p>\n\n<p>Contactez-nous pour prendre un rendez-vous !<\/p>\n\n<p>Vous nous trouverez \u00e0 <a href=\"https:\/\/maps.app.goo.gl\/7PUz65Qbjq4qnDUa8\">Via Giovanni Falcone 42 \u00e0 Bareggio (MI)<\/a>.<\/p>\n","protected":false},"excerpt":{"rendered":"<p>MOMA Design vous attend pendant la Semaine du Design de Milan 2025 pour vous faire d\u00e9couvrir ses usines et son showroom d&rsquo;exposition.<\/p>\n","protected":false},"author":2,"featured_media":43774,"comment_status":"open","ping_status":"open","sticky":false,"template":"","format":"standard","meta":{"site-sidebar-layout":"default","site-content-layout":"","ast-site-content-layout":"default","site-content-style":"default","site-sidebar-style":"default","ast-global-header-display":"","ast-banner-title-visibility":"","ast-main-header-display":"","ast-hfb-above-header-display":"","ast-hfb-below-header-display":"","ast-hfb-mobile-header-display":"","site-post-title":"","ast-breadcrumbs-content":"","ast-featured-img":"","footer-sml-layout":"","ast-disable-related-posts":"","theme-transparent-header-meta":"","adv-header-id-meta":"","stick-header-meta":"","header-above-stick-meta":"","header-main-stick-meta":"","header-below-stick-meta":"","astra-migrate-meta-layouts":"set","ast-page-background-enabled":"default","ast-page-background-meta":{"desktop":{"background-color":"var(--ast-global-color-4)","background-image":"","background-repeat":"repeat","background-position":"center center","background-size":"auto","background-attachment":"scroll","background-type":"","background-media":"","overlay-type":"","overlay-color":"","overlay-opacity":"","overlay-gradient":""},"tablet":{"background-color":"","background-image":"","background-repeat":"repeat","background-position":"center center","background-size":"auto","background-attachment":"scroll","background-type":"","background-media":"","overlay-type":"","overlay-color":"","overlay-opacity":"","overlay-gradient":""},"mobile":{"background-color":"","background-image":"","background-repeat":"repeat","background-position":"center center","background-size":"auto","background-attachment":"scroll","background-type":"","background-media":"","overlay-type":"","overlay-color":"","overlay-opacity":"","overlay-gradient":""}},"ast-content-background-meta":{"desktop":{"background-color":"var(--ast-global-color-5)","background-image":"","background-repeat":"repeat","background-position":"center center","background-size":"auto","background-attachment":"scroll","background-type":"","background-media":"","overlay-type":"","overlay-color":"","overlay-opacity":"","overlay-gradient":""},"tablet":{"background-color":"var(--ast-global-color-5)","background-image":"","background-repeat":"repeat","background-position":"center center","background-size":"auto","background-attachment":"scroll","background-type":"","background-media":"","overlay-type":"","overlay-color":"","overlay-opacity":"","overlay-gradient":""},"mobile":{"background-color":"var(--ast-global-color-5)","background-image":"","background-repeat":"repeat","background-position":"center center","background-size":"auto","background-attachment":"scroll","background-type":"","background-media":"","overlay-type":"","overlay-color":"","overlay-opacity":"","overlay-gradient":""}},"footnotes":""},"categories":[222,131],"tags":[],"realizzazione_categoria":[],"class_list":["post-43779","post","type-post","status-publish","format-standard","has-post-thumbnail","hentry","category-news-fr","category-non-classifiee"],"yoast_head":"<!-- This site is optimized with the Yoast SEO plugin v26.8 - https:\/\/yoast.com\/product\/yoast-seo-wordpress\/ -->\n<title>MOMA Design vous attend pendant la Semaine du Design 2025<\/title>\n<meta name=\"description\" content=\"MOMA Design vous attend pendant la Semaine du Design de Milan 2025 pour vous faire d\u00e9couvrir ses usines et son showroom d&#039;exposition.\" \/>\n<meta name=\"robots\" content=\"index, follow, max-snippet:-1, max-image-preview:large, max-video-preview:-1\" \/>\n<link rel=\"canonical\" href=\"https:\/\/www.moma-design.it\/fr\/moma-design-ouvre-ses-portes-pour-la-semaine-du-design-2025\/\" \/>\n<meta property=\"og:locale\" content=\"fr_FR\" \/>\n<meta property=\"og:type\" content=\"article\" \/>\n<meta property=\"og:title\" content=\"MOMA Design vous attend pendant la Semaine du Design 2025\" \/>\n<meta property=\"og:description\" content=\"MOMA Design vous attend pendant la Semaine du Design de Milan 2025 pour vous faire d\u00e9couvrir ses usines et son showroom d&#039;exposition.\" \/>\n<meta property=\"og:url\" content=\"https:\/\/www.moma-design.it\/fr\/moma-design-ouvre-ses-portes-pour-la-semaine-du-design-2025\/\" \/>\n<meta property=\"og:site_name\" content=\"MOMA Design\" \/>\n<meta property=\"article:published_time\" content=\"2025-03-31T07:50:03+00:00\" \/>\n<meta property=\"article:modified_time\" content=\"2025-03-31T07:52:06+00:00\" \/>\n<meta property=\"og:image\" content=\"https:\/\/www.moma-design.it\/wp-content\/uploads\/2025\/03\/MOMA_NEWSLETTER-SALONE-2025-1080x600-banner.png\" \/>\n\t<meta property=\"og:image:width\" content=\"1080\" \/>\n\t<meta property=\"og:image:height\" content=\"600\" \/>\n\t<meta property=\"og:image:type\" content=\"image\/png\" \/>\n<meta name=\"author\" content=\"Michela Melissano\" \/>\n<meta name=\"twitter:card\" content=\"summary_large_image\" \/>\n<meta name=\"twitter:label1\" content=\"\u00c9crit par\" \/>\n\t<meta name=\"twitter:data1\" content=\"Michela Melissano\" \/>\n\t<meta name=\"twitter:label2\" content=\"Dur\u00e9e de lecture estim\u00e9e\" \/>\n\t<meta name=\"twitter:data2\" content=\"3 minutes\" \/>\n<script type=\"application\/ld+json\" class=\"yoast-schema-graph\">{\"@context\":\"https:\/\/schema.org\",\"@graph\":[{\"@type\":\"Article\",\"@id\":\"https:\/\/www.moma-design.it\/fr\/moma-design-ouvre-ses-portes-pour-la-semaine-du-design-2025\/#article\",\"isPartOf\":{\"@id\":\"https:\/\/www.moma-design.it\/fr\/moma-design-ouvre-ses-portes-pour-la-semaine-du-design-2025\/\"},\"author\":{\"name\":\"Michela Melissano\",\"@id\":\"https:\/\/www.moma-design.it\/#\/schema\/person\/75f17af98d2696602c12318522f82ba8\"},\"headline\":\"MOMA Design ouvre ses portes pour la Semaine du Design 2025\",\"datePublished\":\"2025-03-31T07:50:03+00:00\",\"dateModified\":\"2025-03-31T07:52:06+00:00\",\"mainEntityOfPage\":{\"@id\":\"https:\/\/www.moma-design.it\/fr\/moma-design-ouvre-ses-portes-pour-la-semaine-du-design-2025\/\"},\"wordCount\":455,\"commentCount\":0,\"publisher\":{\"@id\":\"https:\/\/www.moma-design.it\/#organization\"},\"image\":{\"@id\":\"https:\/\/www.moma-design.it\/fr\/moma-design-ouvre-ses-portes-pour-la-semaine-du-design-2025\/#primaryimage\"},\"thumbnailUrl\":\"https:\/\/www.moma-design.it\/wp-content\/uploads\/2025\/03\/MOMA_NEWSLETTER-SALONE-2025-1080x600-banner.png\",\"articleSection\":[\"News\",\"Non classifi\u00e9(e)\"],\"inLanguage\":\"fr-FR\",\"potentialAction\":[{\"@type\":\"CommentAction\",\"name\":\"Comment\",\"target\":[\"https:\/\/www.moma-design.it\/fr\/moma-design-ouvre-ses-portes-pour-la-semaine-du-design-2025\/#respond\"]}]},{\"@type\":\"WebPage\",\"@id\":\"https:\/\/www.moma-design.it\/fr\/moma-design-ouvre-ses-portes-pour-la-semaine-du-design-2025\/\",\"url\":\"https:\/\/www.moma-design.it\/fr\/moma-design-ouvre-ses-portes-pour-la-semaine-du-design-2025\/\",\"name\":\"MOMA Design vous attend pendant la Semaine du Design 2025\",\"isPartOf\":{\"@id\":\"https:\/\/www.moma-design.it\/#website\"},\"primaryImageOfPage\":{\"@id\":\"https:\/\/www.moma-design.it\/fr\/moma-design-ouvre-ses-portes-pour-la-semaine-du-design-2025\/#primaryimage\"},\"image\":{\"@id\":\"https:\/\/www.moma-design.it\/fr\/moma-design-ouvre-ses-portes-pour-la-semaine-du-design-2025\/#primaryimage\"},\"thumbnailUrl\":\"https:\/\/www.moma-design.it\/wp-content\/uploads\/2025\/03\/MOMA_NEWSLETTER-SALONE-2025-1080x600-banner.png\",\"datePublished\":\"2025-03-31T07:50:03+00:00\",\"dateModified\":\"2025-03-31T07:52:06+00:00\",\"description\":\"MOMA Design vous attend pendant la Semaine du Design de Milan 2025 pour vous faire d\u00e9couvrir ses usines et son showroom d'exposition.\",\"breadcrumb\":{\"@id\":\"https:\/\/www.moma-design.it\/fr\/moma-design-ouvre-ses-portes-pour-la-semaine-du-design-2025\/#breadcrumb\"},\"inLanguage\":\"fr-FR\",\"potentialAction\":[{\"@type\":\"ReadAction\",\"target\":[\"https:\/\/www.moma-design.it\/fr\/moma-design-ouvre-ses-portes-pour-la-semaine-du-design-2025\/\"]}]},{\"@type\":\"ImageObject\",\"inLanguage\":\"fr-FR\",\"@id\":\"https:\/\/www.moma-design.it\/fr\/moma-design-ouvre-ses-portes-pour-la-semaine-du-design-2025\/#primaryimage\",\"url\":\"https:\/\/www.moma-design.it\/wp-content\/uploads\/2025\/03\/MOMA_NEWSLETTER-SALONE-2025-1080x600-banner.png\",\"contentUrl\":\"https:\/\/www.moma-design.it\/wp-content\/uploads\/2025\/03\/MOMA_NEWSLETTER-SALONE-2025-1080x600-banner.png\",\"width\":1080,\"height\":600,\"caption\":\"road to moma design articolo news\"},{\"@type\":\"BreadcrumbList\",\"@id\":\"https:\/\/www.moma-design.it\/fr\/moma-design-ouvre-ses-portes-pour-la-semaine-du-design-2025\/#breadcrumb\",\"itemListElement\":[{\"@type\":\"ListItem\",\"position\":1,\"name\":\"Home\",\"item\":\"https:\/\/www.moma-design.it\/\"},{\"@type\":\"ListItem\",\"position\":2,\"name\":\"MOMA Design ouvre ses portes pour la Semaine du Design 2025\"}]},{\"@type\":\"WebSite\",\"@id\":\"https:\/\/www.moma-design.it\/#website\",\"url\":\"https:\/\/www.moma-design.it\/\",\"name\":\"MOMA Design\",\"description\":\"\",\"publisher\":{\"@id\":\"https:\/\/www.moma-design.it\/#organization\"},\"potentialAction\":[{\"@type\":\"SearchAction\",\"target\":{\"@type\":\"EntryPoint\",\"urlTemplate\":\"https:\/\/www.moma-design.it\/?s={search_term_string}\"},\"query-input\":{\"@type\":\"PropertyValueSpecification\",\"valueRequired\":true,\"valueName\":\"search_term_string\"}}],\"inLanguage\":\"fr-FR\"},{\"@type\":\"Organization\",\"@id\":\"https:\/\/www.moma-design.it\/#organization\",\"name\":\"MOMA Design\",\"url\":\"https:\/\/www.moma-design.it\/\",\"logo\":{\"@type\":\"ImageObject\",\"inLanguage\":\"fr-FR\",\"@id\":\"https:\/\/www.moma-design.it\/#\/schema\/logo\/image\/\",\"url\":\"https:\/\/www.moma-design.it\/wp-content\/uploads\/2023\/07\/Logotipo-bianco-Moma-Design.png\",\"contentUrl\":\"https:\/\/www.moma-design.it\/wp-content\/uploads\/2023\/07\/Logotipo-bianco-Moma-Design.png\",\"width\":250,\"height\":150,\"caption\":\"MOMA Design\"},\"image\":{\"@id\":\"https:\/\/www.moma-design.it\/#\/schema\/logo\/image\/\"}},{\"@type\":\"Person\",\"@id\":\"https:\/\/www.moma-design.it\/#\/schema\/person\/75f17af98d2696602c12318522f82ba8\",\"name\":\"Michela Melissano\",\"image\":{\"@type\":\"ImageObject\",\"inLanguage\":\"fr-FR\",\"@id\":\"https:\/\/www.moma-design.it\/#\/schema\/person\/image\/\",\"url\":\"https:\/\/secure.gravatar.com\/avatar\/0621d8e5abd794b4e28548d00aaf935bf73b54d85ceb059b656bf4d97d6c1edc?s=96&d=mm&r=g\",\"contentUrl\":\"https:\/\/secure.gravatar.com\/avatar\/0621d8e5abd794b4e28548d00aaf935bf73b54d85ceb059b656bf4d97d6c1edc?s=96&d=mm&r=g\",\"caption\":\"Michela Melissano\"},\"url\":\"https:\/\/www.moma-design.it\/fr\/author\/moma-design\/\"}]}<\/script>\n<!-- \/ Yoast SEO plugin. -->","yoast_head_json":{"title":"MOMA Design vous attend pendant la Semaine du Design 2025","description":"MOMA Design vous attend pendant la Semaine du Design de Milan 2025 pour vous faire d\u00e9couvrir ses usines et son showroom d'exposition.","robots":{"index":"index","follow":"follow","max-snippet":"max-snippet:-1","max-image-preview":"max-image-preview:large","max-video-preview":"max-video-preview:-1"},"canonical":"https:\/\/www.moma-design.it\/fr\/moma-design-ouvre-ses-portes-pour-la-semaine-du-design-2025\/","og_locale":"fr_FR","og_type":"article","og_title":"MOMA Design vous attend pendant la Semaine du Design 2025","og_description":"MOMA Design vous attend pendant la Semaine du Design de Milan 2025 pour vous faire d\u00e9couvrir ses usines et son showroom d'exposition.","og_url":"https:\/\/www.moma-design.it\/fr\/moma-design-ouvre-ses-portes-pour-la-semaine-du-design-2025\/","og_site_name":"MOMA Design","article_published_time":"2025-03-31T07:50:03+00:00","article_modified_time":"2025-03-31T07:52:06+00:00","og_image":[{"width":1080,"height":600,"url":"https:\/\/www.moma-design.it\/wp-content\/uploads\/2025\/03\/MOMA_NEWSLETTER-SALONE-2025-1080x600-banner.png","type":"image\/png"}],"author":"Michela Melissano","twitter_card":"summary_large_image","twitter_misc":{"\u00c9crit par":"Michela Melissano","Dur\u00e9e de lecture estim\u00e9e":"3 minutes"},"schema":{"@context":"https:\/\/schema.org","@graph":[{"@type":"Article","@id":"https:\/\/www.moma-design.it\/fr\/moma-design-ouvre-ses-portes-pour-la-semaine-du-design-2025\/#article","isPartOf":{"@id":"https:\/\/www.moma-design.it\/fr\/moma-design-ouvre-ses-portes-pour-la-semaine-du-design-2025\/"},"author":{"name":"Michela Melissano","@id":"https:\/\/www.moma-design.it\/#\/schema\/person\/75f17af98d2696602c12318522f82ba8"},"headline":"MOMA Design ouvre ses portes pour la Semaine du Design 2025","datePublished":"2025-03-31T07:50:03+00:00","dateModified":"2025-03-31T07:52:06+00:00","mainEntityOfPage":{"@id":"https:\/\/www.moma-design.it\/fr\/moma-design-ouvre-ses-portes-pour-la-semaine-du-design-2025\/"},"wordCount":455,"commentCount":0,"publisher":{"@id":"https:\/\/www.moma-design.it\/#organization"},"image":{"@id":"https:\/\/www.moma-design.it\/fr\/moma-design-ouvre-ses-portes-pour-la-semaine-du-design-2025\/#primaryimage"},"thumbnailUrl":"https:\/\/www.moma-design.it\/wp-content\/uploads\/2025\/03\/MOMA_NEWSLETTER-SALONE-2025-1080x600-banner.png","articleSection":["News","Non classifi\u00e9(e)"],"inLanguage":"fr-FR","potentialAction":[{"@type":"CommentAction","name":"Comment","target":["https:\/\/www.moma-design.it\/fr\/moma-design-ouvre-ses-portes-pour-la-semaine-du-design-2025\/#respond"]}]},{"@type":"WebPage","@id":"https:\/\/www.moma-design.it\/fr\/moma-design-ouvre-ses-portes-pour-la-semaine-du-design-2025\/","url":"https:\/\/www.moma-design.it\/fr\/moma-design-ouvre-ses-portes-pour-la-semaine-du-design-2025\/","name":"MOMA Design vous attend pendant la Semaine du Design 2025","isPartOf":{"@id":"https:\/\/www.moma-design.it\/#website"},"primaryImageOfPage":{"@id":"https:\/\/www.moma-design.it\/fr\/moma-design-ouvre-ses-portes-pour-la-semaine-du-design-2025\/#primaryimage"},"image":{"@id":"https:\/\/www.moma-design.it\/fr\/moma-design-ouvre-ses-portes-pour-la-semaine-du-design-2025\/#primaryimage"},"thumbnailUrl":"https:\/\/www.moma-design.it\/wp-content\/uploads\/2025\/03\/MOMA_NEWSLETTER-SALONE-2025-1080x600-banner.png","datePublished":"2025-03-31T07:50:03+00:00","dateModified":"2025-03-31T07:52:06+00:00","description":"MOMA Design vous attend pendant la Semaine du Design de Milan 2025 pour vous faire d\u00e9couvrir ses usines et son showroom d'exposition.","breadcrumb":{"@id":"https:\/\/www.moma-design.it\/fr\/moma-design-ouvre-ses-portes-pour-la-semaine-du-design-2025\/#breadcrumb"},"inLanguage":"fr-FR","potentialAction":[{"@type":"ReadAction","target":["https:\/\/www.moma-design.it\/fr\/moma-design-ouvre-ses-portes-pour-la-semaine-du-design-2025\/"]}]},{"@type":"ImageObject","inLanguage":"fr-FR","@id":"https:\/\/www.moma-design.it\/fr\/moma-design-ouvre-ses-portes-pour-la-semaine-du-design-2025\/#primaryimage","url":"https:\/\/www.moma-design.it\/wp-content\/uploads\/2025\/03\/MOMA_NEWSLETTER-SALONE-2025-1080x600-banner.png","contentUrl":"https:\/\/www.moma-design.it\/wp-content\/uploads\/2025\/03\/MOMA_NEWSLETTER-SALONE-2025-1080x600-banner.png","width":1080,"height":600,"caption":"road to moma design articolo news"},{"@type":"BreadcrumbList","@id":"https:\/\/www.moma-design.it\/fr\/moma-design-ouvre-ses-portes-pour-la-semaine-du-design-2025\/#breadcrumb","itemListElement":[{"@type":"ListItem","position":1,"name":"Home","item":"https:\/\/www.moma-design.it\/"},{"@type":"ListItem","position":2,"name":"MOMA Design ouvre ses portes pour la Semaine du Design 2025"}]},{"@type":"WebSite","@id":"https:\/\/www.moma-design.it\/#website","url":"https:\/\/www.moma-design.it\/","name":"MOMA Design","description":"","publisher":{"@id":"https:\/\/www.moma-design.it\/#organization"},"potentialAction":[{"@type":"SearchAction","target":{"@type":"EntryPoint","urlTemplate":"https:\/\/www.moma-design.it\/?s={search_term_string}"},"query-input":{"@type":"PropertyValueSpecification","valueRequired":true,"valueName":"search_term_string"}}],"inLanguage":"fr-FR"},{"@type":"Organization","@id":"https:\/\/www.moma-design.it\/#organization","name":"MOMA Design","url":"https:\/\/www.moma-design.it\/","logo":{"@type":"ImageObject","inLanguage":"fr-FR","@id":"https:\/\/www.moma-design.it\/#\/schema\/logo\/image\/","url":"https:\/\/www.moma-design.it\/wp-content\/uploads\/2023\/07\/Logotipo-bianco-Moma-Design.png","contentUrl":"https:\/\/www.moma-design.it\/wp-content\/uploads\/2023\/07\/Logotipo-bianco-Moma-Design.png","width":250,"height":150,"caption":"MOMA Design"},"image":{"@id":"https:\/\/www.moma-design.it\/#\/schema\/logo\/image\/"}},{"@type":"Person","@id":"https:\/\/www.moma-design.it\/#\/schema\/person\/75f17af98d2696602c12318522f82ba8","name":"Michela Melissano","image":{"@type":"ImageObject","inLanguage":"fr-FR","@id":"https:\/\/www.moma-design.it\/#\/schema\/person\/image\/","url":"https:\/\/secure.gravatar.com\/avatar\/0621d8e5abd794b4e28548d00aaf935bf73b54d85ceb059b656bf4d97d6c1edc?s=96&d=mm&r=g","contentUrl":"https:\/\/secure.gravatar.com\/avatar\/0621d8e5abd794b4e28548d00aaf935bf73b54d85ceb059b656bf4d97d6c1edc?s=96&d=mm&r=g","caption":"Michela Melissano"},"url":"https:\/\/www.moma-design.it\/fr\/author\/moma-design\/"}]}},"_links":{"self":[{"href":"https:\/\/www.moma-design.it\/fr\/wp-json\/wp\/v2\/posts\/43779","targetHints":{"allow":["GET"]}}],"collection":[{"href":"https:\/\/www.moma-design.it\/fr\/wp-json\/wp\/v2\/posts"}],"about":[{"href":"https:\/\/www.moma-design.it\/fr\/wp-json\/wp\/v2\/types\/post"}],"author":[{"embeddable":true,"href":"https:\/\/www.moma-design.it\/fr\/wp-json\/wp\/v2\/users\/2"}],"replies":[{"embeddable":true,"href":"https:\/\/www.moma-design.it\/fr\/wp-json\/wp\/v2\/comments?post=43779"}],"version-history":[{"count":0,"href":"https:\/\/www.moma-design.it\/fr\/wp-json\/wp\/v2\/posts\/43779\/revisions"}],"wp:featuredmedia":[{"embeddable":true,"href":"https:\/\/www.moma-design.it\/fr\/wp-json\/wp\/v2\/media\/43774"}],"wp:attachment":[{"href":"https:\/\/www.moma-design.it\/fr\/wp-json\/wp\/v2\/media?parent=43779"}],"wp:term":[{"taxonomy":"category","embeddable":true,"href":"https:\/\/www.moma-design.it\/fr\/wp-json\/wp\/v2\/categories?post=43779"},{"taxonomy":"post_tag","embeddable":true,"href":"https:\/\/www.moma-design.it\/fr\/wp-json\/wp\/v2\/tags?post=43779"},{"taxonomy":"realizzazione_categoria","embeddable":true,"href":"https:\/\/www.moma-design.it\/fr\/wp-json\/wp\/v2\/realizzazione_categoria?post=43779"}],"curies":[{"name":"wp","href":"https:\/\/api.w.org\/{rel}","templated":true}]}}