{"id":43312,"date":"2025-01-16T12:02:10","date_gmt":"2025-01-16T11:02:10","guid":{"rendered":"https:\/\/www.moma-design.it\/?p=43312"},"modified":"2025-01-16T12:05:10","modified_gmt":"2025-01-16T11:05:10","slug":"le-nouveau-catalogue-moma-design-redefinit-le-mobilier-de-salle-de-bains-de-luxe","status":"publish","type":"post","link":"https:\/\/www.moma-design.it\/fr\/le-nouveau-catalogue-moma-design-redefinit-le-mobilier-de-salle-de-bains-de-luxe\/","title":{"rendered":"Le nouveau catalogue MOMA Design red\u00e9finit le mobilier de salle de bains de luxe"},"content":{"rendered":"\n<p>MOMA Design, l&rsquo;excellence italienne en mati\u00e8re de mobilier de salle de bains de luxe, pr\u00e9sente son nouveau catalogue: une c\u00e9l\u00e9bration du design contemporain et de l&rsquo;artisanat. Avec un m\u00e9lange d&rsquo;innovation et d&rsquo;attention aux d\u00e9tails, la marque continue \u00e0 se distinguer comme un point de r\u00e9f\u00e9rence pour ceux qui recherchent des solutions d&rsquo;ameublement uniques et personnalisables.<\/p>\n\n\n\n<h4 class=\"wp-block-heading\">Un catalogue qui inspire l&rsquo;avenir du mobilier de salle de bains<\/h4>\n\n\n\n<p>Le nouveau catalogue MOMA Design est un v\u00e9ritable guide de l&rsquo;interpr\u00e9tation moderne de l&rsquo;espace salle de bains. Chaque page raconte une id\u00e9e du design o\u00f9 la fonctionnalit\u00e9 et la beaut\u00e9 se fondent harmonieusement. \u00c7a donne vie \u00e0 des projets qui transforment la salle de bains en une oasis de d\u00e9tente et de style.<\/p>\n\n\n\n<p>L&rsquo;accent est mis sur les collections embl\u00e9matiques et les nouvelles offres, qui vont des lavabos aux lignes \u00e9pur\u00e9es aux baignoires autoportantes, en passant par les meubles et accessoires modulaires offrant des possibilit\u00e9s de personnalisation infinies.<\/p>\n\n\n\n<h4 class=\"wp-block-heading\">Mat\u00e9riaux de qualit\u00e9 et recherche technologique<\/h4>\n\n\n\n<p>Dans son nouveau catalogue, MOMA Design met comme toujours l&rsquo;accent sur les mat\u00e9riaux de qualit\u00e9, avec une attention particuli\u00e8re pour le marbre, qui a toujours \u00e9t\u00e9 synonyme de durabilit\u00e9 et de beaut\u00e9. Le bois, lisse ou nervur\u00e9, et le verre continuent d&rsquo;occuper une place de choix.<\/p>\n\n\n\n<p>Le Solid Surface reste toujours pr\u00e9sent, m\u00eame s&rsquo;il n&rsquo;est plus le protagoniste absolu de la production de MOMA Design. Ce mat\u00e9riau unique est \u00e9galement moul\u00e9 pour accompagner au mieux les meubles et les accessoires, en garantissant l&rsquo;\u00e9l\u00e9gance et le minimalisme qui nous distinguent.<\/p>\n\n\n\n<p>La gamme de couleurs reste \u00e9tendue, avec une nouveaut\u00e9 importante : l&rsquo;aluminium, qui peut d\u00e9sormais \u00eatre peint par poudrage dans des couleurs telles que l&rsquo;or et le bronze, en plus du noir et du blanc classiques.<\/p>\n\n\n\n<h4 class=\"wp-block-heading\">Les nouvelles collections de meubles de MOMA Design<\/h4>\n\n\n\n<p>R\u00e9pondant de mani\u00e8re originale aux derni\u00e8res demandes du march\u00e9, MOMA Design inclut dans son catalogue trois collections d\u00e9j\u00e0 embl\u00e9matiques, qui ont \u00e9t\u00e9 pr\u00e9sent\u00e9es en avant-premi\u00e8re au Salone del Mobile 2024 :<\/p>\n\n\n\n<ul class=\"wp-block-list\">\n<li><strong><a href=\"https:\/\/www.moma-design.it\/fr\/categorie-de-produit\/meubles-de-salle-de-bain\/collection-de-meubles-de-salle-de-bains-eclipse\/\">ECLIPSE<\/a><\/strong> est la premi\u00e8re s\u00e9rie de la marque milanaise caract\u00e9ris\u00e9e par des formes arrondies, extr\u00eamement l\u00e9g\u00e8res car soutenues par une structure m\u00e9tallique qui met \u00e9galement en valeur les espaces vides. La partie principale du meuble, disponible enti\u00e8rement en bois ou en bois et verre bronz\u00e9, est rendue unique par les pignons lat\u00e9raux en finition cannel\u00e9e, qui peuvent \u00eatre ouverts gr\u00e2ce \u00e0 un syst\u00e8me coulissant, une solution extr\u00eamement \u00e9l\u00e9gante, fonctionnelle et peu encombrante. Le plan de toilette est hautement personnalisable en termes de mat\u00e9riaux, de finitions et de configurations : mince et combin\u00e9 avec une vasque \u00e0 poser ou \u00e9pais avec une vasque int\u00e9gr\u00e9e, en Solid Surface blanc ou en marbre, en bois et m\u00eame recouvert de gr\u00e8s.<\/li>\n<\/ul>\n\n\n\n<div class=\"wp-block-columns alignwide is-layout-flex wp-container-core-columns-is-layout-28f84493 wp-block-columns-is-layout-flex\">\n<div class=\"wp-block-column is-layout-flow wp-block-column-is-layout-flow\">\n<figure class=\"wp-block-image aligncenter size-full\"><img fetchpriority=\"high\" decoding=\"async\" width=\"450\" height=\"450\" src=\"https:\/\/www.moma-design.it\/wp-content\/uploads\/2024\/10\/6-450x450-1.jpg\" alt=\"eclipse avec plateau en carrara et structure en noyer canaletto et verre\" class=\"wp-image-42524\" srcset=\"https:\/\/www.moma-design.it\/wp-content\/uploads\/2024\/10\/6-450x450-1.jpg 450w, https:\/\/www.moma-design.it\/wp-content\/uploads\/2024\/10\/6-450x450-1-400x400.jpg 400w, https:\/\/www.moma-design.it\/wp-content\/uploads\/2024\/10\/6-450x450-1-150x150.jpg 150w, https:\/\/www.moma-design.it\/wp-content\/uploads\/2024\/10\/6-450x450-1-300x300.jpg 300w, https:\/\/www.moma-design.it\/wp-content\/uploads\/2024\/10\/6-450x450-1-100x100.jpg 100w\" sizes=\"(max-width: 450px) 100vw, 450px\" \/><\/figure>\n<\/div>\n\n\n\n<div class=\"wp-block-column is-layout-flow wp-block-column-is-layout-flow\">\n<figure class=\"wp-block-image aligncenter size-full\"><img decoding=\"async\" width=\"450\" height=\"450\" src=\"https:\/\/www.moma-design.it\/wp-content\/uploads\/2025\/01\/3-450x450-1.jpg\" alt=\"meuble eclipse nouveau catalogue\" class=\"wp-image-43300\" srcset=\"https:\/\/www.moma-design.it\/wp-content\/uploads\/2025\/01\/3-450x450-1.jpg 450w, https:\/\/www.moma-design.it\/wp-content\/uploads\/2025\/01\/3-450x450-1-400x400.jpg 400w, https:\/\/www.moma-design.it\/wp-content\/uploads\/2025\/01\/3-450x450-1-150x150.jpg 150w, https:\/\/www.moma-design.it\/wp-content\/uploads\/2025\/01\/3-450x450-1-300x300.jpg 300w, https:\/\/www.moma-design.it\/wp-content\/uploads\/2025\/01\/3-450x450-1-100x100.jpg 100w\" sizes=\"(max-width: 450px) 100vw, 450px\" \/><\/figure>\n<\/div>\n\n\n\n<div class=\"wp-block-column is-layout-flow wp-block-column-is-layout-flow\">\n<figure class=\"wp-block-image aligncenter size-full\"><img decoding=\"async\" width=\"450\" height=\"450\" src=\"https:\/\/www.moma-design.it\/wp-content\/uploads\/2025\/01\/2-450x450-1.jpg\" alt=\"meuble eclipse plan en marbre nouveau catalogue\" class=\"wp-image-43296\" srcset=\"https:\/\/www.moma-design.it\/wp-content\/uploads\/2025\/01\/2-450x450-1.jpg 450w, https:\/\/www.moma-design.it\/wp-content\/uploads\/2025\/01\/2-450x450-1-400x400.jpg 400w, https:\/\/www.moma-design.it\/wp-content\/uploads\/2025\/01\/2-450x450-1-150x150.jpg 150w, https:\/\/www.moma-design.it\/wp-content\/uploads\/2025\/01\/2-450x450-1-300x300.jpg 300w, https:\/\/www.moma-design.it\/wp-content\/uploads\/2025\/01\/2-450x450-1-100x100.jpg 100w\" sizes=\"(max-width: 450px) 100vw, 450px\" \/><\/figure>\n<\/div>\n<\/div>\n\n\n\n<ul class=\"wp-block-list\">\n<li><strong><a href=\"https:\/\/www.moma-design.it\/fr\/categorie-de-produit\/meubles-de-salle-de-bain\/collection-de-meubles-de-salle-de-bains-eclectic\/\">ECLECTIC<\/a><\/strong> reprend les formes d&rsquo;ECLIPSE, mais en ajoutant plus de solidit\u00e9 et de compacit\u00e9 \u00e0 sa silhouette, reposant sur d&rsquo;\u00e9l\u00e9gants pieds en m\u00e9tal. Le plan et le meuble sont visuellement unis, de sorte que la composition dispose d&rsquo;un maximum d&rsquo;espaces de rangement, dans les tiroirs et les portes, mais aussi dans les compartiments lat\u00e9raux coulissants. Ici aussi, le plan peut \u00eatre mince et se combiner avec un lavabo \u00e0 poser, ou caissonn\u00e9, simple ou embrass\u00e9 par du bois cannet\u00e9.<\/li>\n<\/ul>\n\n\n\n<div class=\"wp-block-columns alignwide is-layout-flex wp-container-core-columns-is-layout-28f84493 wp-block-columns-is-layout-flex\">\n<div class=\"wp-block-column is-layout-flow wp-block-column-is-layout-flow\">\n<figure class=\"wp-block-image aligncenter size-full\"><img loading=\"lazy\" decoding=\"async\" width=\"450\" height=\"450\" src=\"https:\/\/www.moma-design.it\/wp-content\/uploads\/2024\/10\/7-450x450-1.jpg\" alt=\"\u00e9clectique avec plateau en marquinia noir et structure en ch\u00eane naturel et verre\" class=\"wp-image-42528\" srcset=\"https:\/\/www.moma-design.it\/wp-content\/uploads\/2024\/10\/7-450x450-1.jpg 450w, https:\/\/www.moma-design.it\/wp-content\/uploads\/2024\/10\/7-450x450-1-400x400.jpg 400w, https:\/\/www.moma-design.it\/wp-content\/uploads\/2024\/10\/7-450x450-1-150x150.jpg 150w, https:\/\/www.moma-design.it\/wp-content\/uploads\/2024\/10\/7-450x450-1-300x300.jpg 300w, https:\/\/www.moma-design.it\/wp-content\/uploads\/2024\/10\/7-450x450-1-100x100.jpg 100w\" sizes=\"(max-width: 450px) 100vw, 450px\" \/><\/figure>\n<\/div>\n\n\n\n<div class=\"wp-block-column is-layout-flow wp-block-column-is-layout-flow\">\n<figure class=\"wp-block-image aligncenter size-full\"><img loading=\"lazy\" decoding=\"async\" width=\"450\" height=\"450\" src=\"https:\/\/www.moma-design.it\/wp-content\/uploads\/2025\/01\/6-450x450-1.jpg\" alt=\"eclectic laqu\u00e9 nouveau catalogue\" class=\"wp-image-43268\" srcset=\"https:\/\/www.moma-design.it\/wp-content\/uploads\/2025\/01\/6-450x450-1.jpg 450w, https:\/\/www.moma-design.it\/wp-content\/uploads\/2025\/01\/6-450x450-1-400x400.jpg 400w, https:\/\/www.moma-design.it\/wp-content\/uploads\/2025\/01\/6-450x450-1-150x150.jpg 150w, https:\/\/www.moma-design.it\/wp-content\/uploads\/2025\/01\/6-450x450-1-300x300.jpg 300w, https:\/\/www.moma-design.it\/wp-content\/uploads\/2025\/01\/6-450x450-1-100x100.jpg 100w\" sizes=\"(max-width: 450px) 100vw, 450px\" \/><\/figure>\n<\/div>\n\n\n\n<div class=\"wp-block-column is-layout-flow wp-block-column-is-layout-flow\">\n<figure class=\"wp-block-image aligncenter size-full\"><img loading=\"lazy\" decoding=\"async\" width=\"450\" height=\"450\" src=\"https:\/\/www.moma-design.it\/wp-content\/uploads\/2025\/01\/5-450x450-1.jpg\" alt=\"eclectic avec aquatico epais nouveau catalogue\" class=\"wp-image-43264\" srcset=\"https:\/\/www.moma-design.it\/wp-content\/uploads\/2025\/01\/5-450x450-1.jpg 450w, https:\/\/www.moma-design.it\/wp-content\/uploads\/2025\/01\/5-450x450-1-400x400.jpg 400w, https:\/\/www.moma-design.it\/wp-content\/uploads\/2025\/01\/5-450x450-1-150x150.jpg 150w, https:\/\/www.moma-design.it\/wp-content\/uploads\/2025\/01\/5-450x450-1-300x300.jpg 300w, https:\/\/www.moma-design.it\/wp-content\/uploads\/2025\/01\/5-450x450-1-100x100.jpg 100w\" sizes=\"(max-width: 450px) 100vw, 450px\" \/><\/figure>\n<\/div>\n<\/div>\n\n\n\n<p>Les meubles des deux collections ECLIPSE et ECLECTIC sont parfaits pour \u00eatre install\u00e9s \u00e0 l&rsquo;ext\u00e9rieur de la salle de bains, dans un hall d&rsquo;entr\u00e9e \u00e9l\u00e9gant, dans un salon ou m\u00eame dans une chambre \u00e0 coucher en tant que buffets.<\/p>\n\n\n\n<div class=\"wp-block-columns alignwide is-layout-flex wp-container-core-columns-is-layout-28f84493 wp-block-columns-is-layout-flex\">\n<div class=\"wp-block-column is-layout-flow wp-block-column-is-layout-flow\">\n<figure class=\"wp-block-image aligncenter size-full\"><img loading=\"lazy\" decoding=\"async\" width=\"450\" height=\"450\" src=\"https:\/\/www.moma-design.it\/wp-content\/uploads\/2024\/10\/8-450x450-1.jpg\" alt=\"buffet eclectic avec top en patagonie et structure en noyer canaletto et verre\" class=\"wp-image-42532\" srcset=\"https:\/\/www.moma-design.it\/wp-content\/uploads\/2024\/10\/8-450x450-1.jpg 450w, https:\/\/www.moma-design.it\/wp-content\/uploads\/2024\/10\/8-450x450-1-400x400.jpg 400w, https:\/\/www.moma-design.it\/wp-content\/uploads\/2024\/10\/8-450x450-1-150x150.jpg 150w, https:\/\/www.moma-design.it\/wp-content\/uploads\/2024\/10\/8-450x450-1-300x300.jpg 300w, https:\/\/www.moma-design.it\/wp-content\/uploads\/2024\/10\/8-450x450-1-100x100.jpg 100w\" sizes=\"(max-width: 450px) 100vw, 450px\" \/><\/figure>\n<\/div>\n\n\n\n<div class=\"wp-block-column is-layout-flow wp-block-column-is-layout-flow\">\n<figure class=\"wp-block-image aligncenter size-full\"><img loading=\"lazy\" decoding=\"async\" width=\"450\" height=\"450\" src=\"https:\/\/www.moma-design.it\/wp-content\/uploads\/2025\/01\/7-450x450-1.jpg\" alt=\"buffet eclipse nouveau catalogue\" class=\"wp-image-43272\" srcset=\"https:\/\/www.moma-design.it\/wp-content\/uploads\/2025\/01\/7-450x450-1.jpg 450w, https:\/\/www.moma-design.it\/wp-content\/uploads\/2025\/01\/7-450x450-1-400x400.jpg 400w, https:\/\/www.moma-design.it\/wp-content\/uploads\/2025\/01\/7-450x450-1-150x150.jpg 150w, https:\/\/www.moma-design.it\/wp-content\/uploads\/2025\/01\/7-450x450-1-300x300.jpg 300w, https:\/\/www.moma-design.it\/wp-content\/uploads\/2025\/01\/7-450x450-1-100x100.jpg 100w\" sizes=\"(max-width: 450px) 100vw, 450px\" \/><\/figure>\n<\/div>\n\n\n\n<div class=\"wp-block-column is-layout-flow wp-block-column-is-layout-flow\">\n<figure class=\"wp-block-image aligncenter size-full\"><img loading=\"lazy\" decoding=\"async\" width=\"450\" height=\"450\" src=\"https:\/\/www.moma-design.it\/wp-content\/uploads\/2024\/04\/eclipse-archwork.jpg\" alt=\"moma design meuble eclipse salone del mobile 2024\" class=\"wp-image-41456\" srcset=\"https:\/\/www.moma-design.it\/wp-content\/uploads\/2024\/04\/eclipse-archwork.jpg 450w, https:\/\/www.moma-design.it\/wp-content\/uploads\/2024\/04\/eclipse-archwork-400x400.jpg 400w, https:\/\/www.moma-design.it\/wp-content\/uploads\/2024\/04\/eclipse-archwork-150x150.jpg 150w, https:\/\/www.moma-design.it\/wp-content\/uploads\/2024\/04\/eclipse-archwork-300x300.jpg 300w, https:\/\/www.moma-design.it\/wp-content\/uploads\/2024\/04\/eclipse-archwork-100x100.jpg 100w\" sizes=\"(max-width: 450px) 100vw, 450px\" \/><\/figure>\n<\/div>\n<\/div>\n\n\n\n<ul class=\"wp-block-list\">\n<li><strong><a href=\"https:\/\/www.moma-design.it\/fr\/categorie-de-produit\/meubles-de-salle-de-bain\/collection-de-meubles-de-salle-de-bains-excellent\/\">EXCELLENT<\/a><\/strong> est la collection la plus pr\u00e9cieuse jamais con\u00e7ue par MOMA Design, dans laquelle le marbre est le protagoniste structurel absolu, associ\u00e9 au bois chaud et au verre bronz\u00e9. Une innovation absolue est la possibilit\u00e9 d&rsquo;int\u00e9grer un lavabo en verre, dont la base est le marbre du plan. <\/li>\n<\/ul>\n\n\n\n<div class=\"wp-block-columns alignwide is-layout-flex wp-container-core-columns-is-layout-28f84493 wp-block-columns-is-layout-flex\">\n<div class=\"wp-block-column is-layout-flow wp-block-column-is-layout-flow\">\n<figure class=\"wp-block-image aligncenter size-full\"><img loading=\"lazy\" decoding=\"async\" width=\"450\" height=\"450\" src=\"https:\/\/www.moma-design.it\/wp-content\/uploads\/2024\/10\/11-450x450-1.jpg\" alt=\"excellent avec structure en marbre calacatta et tiroirs en \u00e9b\u00e8ne et verre bronz\u00e9\" class=\"wp-image-42544\" srcset=\"https:\/\/www.moma-design.it\/wp-content\/uploads\/2024\/10\/11-450x450-1.jpg 450w, https:\/\/www.moma-design.it\/wp-content\/uploads\/2024\/10\/11-450x450-1-400x400.jpg 400w, https:\/\/www.moma-design.it\/wp-content\/uploads\/2024\/10\/11-450x450-1-150x150.jpg 150w, https:\/\/www.moma-design.it\/wp-content\/uploads\/2024\/10\/11-450x450-1-300x300.jpg 300w, https:\/\/www.moma-design.it\/wp-content\/uploads\/2024\/10\/11-450x450-1-100x100.jpg 100w\" sizes=\"(max-width: 450px) 100vw, 450px\" \/><\/figure>\n<\/div>\n\n\n\n<div class=\"wp-block-column is-layout-flow wp-block-column-is-layout-flow\">\n<figure class=\"wp-block-image aligncenter size-full\"><img loading=\"lazy\" decoding=\"async\" width=\"450\" height=\"450\" src=\"https:\/\/www.moma-design.it\/wp-content\/uploads\/2024\/10\/10-450x450-1.jpg\" alt=\"excellent avec cadre en marbre gris et tiroirs en ch\u00eane tabac et verre bronz\u00e9\" class=\"wp-image-42540\" srcset=\"https:\/\/www.moma-design.it\/wp-content\/uploads\/2024\/10\/10-450x450-1.jpg 450w, https:\/\/www.moma-design.it\/wp-content\/uploads\/2024\/10\/10-450x450-1-400x400.jpg 400w, https:\/\/www.moma-design.it\/wp-content\/uploads\/2024\/10\/10-450x450-1-150x150.jpg 150w, https:\/\/www.moma-design.it\/wp-content\/uploads\/2024\/10\/10-450x450-1-300x300.jpg 300w, https:\/\/www.moma-design.it\/wp-content\/uploads\/2024\/10\/10-450x450-1-100x100.jpg 100w\" sizes=\"(max-width: 450px) 100vw, 450px\" \/><\/figure>\n<\/div>\n\n\n\n<div class=\"wp-block-column is-layout-flow wp-block-column-is-layout-flow\">\n<figure class=\"wp-block-image aligncenter size-full\"><img loading=\"lazy\" decoding=\"async\" width=\"450\" height=\"450\" src=\"https:\/\/www.moma-design.it\/wp-content\/uploads\/2024\/10\/9-450x450-1.jpg\" alt=\"excellent avec structure en marbre travertin et tiroirs en noyer canaletto et verre bronz\u00e9\" class=\"wp-image-42536\" srcset=\"https:\/\/www.moma-design.it\/wp-content\/uploads\/2024\/10\/9-450x450-1.jpg 450w, https:\/\/www.moma-design.it\/wp-content\/uploads\/2024\/10\/9-450x450-1-400x400.jpg 400w, https:\/\/www.moma-design.it\/wp-content\/uploads\/2024\/10\/9-450x450-1-150x150.jpg 150w, https:\/\/www.moma-design.it\/wp-content\/uploads\/2024\/10\/9-450x450-1-300x300.jpg 300w, https:\/\/www.moma-design.it\/wp-content\/uploads\/2024\/10\/9-450x450-1-100x100.jpg 100w\" sizes=\"(max-width: 450px) 100vw, 450px\" \/><\/figure>\n<\/div>\n<\/div>\n\n\n\n<h4 class=\"wp-block-heading\">La personnalisation : au c\u0153ur du nouveau catalogue<\/h4>\n\n\n\n<p>MOMA Design s&rsquo;est toujours distingu\u00e9 par son souci du d\u00e9tail et sa capacit\u00e9 \u00e0 offrir des solutions personnalis\u00e9es. Dans le nouveau catalogue, la personnalisation reste le protagoniste, avec un large choix de configurations, de couleurs, de tailles et de mat\u00e9riaux pour r\u00e9pondre \u00e0 toutes les exigences de conception.<\/p>\n\n\n\n<p>La modularit\u00e9 du mobilier permet de cr\u00e9er des compositions uniques, tandis que les meubles tels que les miroirs, les boiseries et les accessoires compl\u00e8tent la pi\u00e8ce avec un savoir-faire tout italien.<\/p>\n\n\n\n<div class=\"wp-block-columns alignwide is-layout-flex wp-container-core-columns-is-layout-28f84493 wp-block-columns-is-layout-flex\">\n<div class=\"wp-block-column is-layout-flow wp-block-column-is-layout-flow\">\n<figure class=\"wp-block-image aligncenter size-full\"><img loading=\"lazy\" decoding=\"async\" width=\"450\" height=\"450\" src=\"https:\/\/www.moma-design.it\/wp-content\/uploads\/2024\/12\/4-450x450-1.jpg\" alt=\"boiserie glass plus bois et verre avec led interne\" class=\"wp-image-42947\" srcset=\"https:\/\/www.moma-design.it\/wp-content\/uploads\/2024\/12\/4-450x450-1.jpg 450w, https:\/\/www.moma-design.it\/wp-content\/uploads\/2024\/12\/4-450x450-1-400x400.jpg 400w, https:\/\/www.moma-design.it\/wp-content\/uploads\/2024\/12\/4-450x450-1-150x150.jpg 150w, https:\/\/www.moma-design.it\/wp-content\/uploads\/2024\/12\/4-450x450-1-300x300.jpg 300w, https:\/\/www.moma-design.it\/wp-content\/uploads\/2024\/12\/4-450x450-1-100x100.jpg 100w\" sizes=\"(max-width: 450px) 100vw, 450px\" \/><\/figure>\n<\/div>\n\n\n\n<div class=\"wp-block-column is-layout-flow wp-block-column-is-layout-flow\">\n<figure class=\"wp-block-image aligncenter size-full\"><img loading=\"lazy\" decoding=\"async\" width=\"450\" height=\"450\" src=\"https:\/\/www.moma-design.it\/wp-content\/uploads\/2025\/01\/14-450x450-1.jpg\" alt=\"minim\u00e8 nouveau catalogue\" class=\"wp-image-43276\" srcset=\"https:\/\/www.moma-design.it\/wp-content\/uploads\/2025\/01\/14-450x450-1.jpg 450w, https:\/\/www.moma-design.it\/wp-content\/uploads\/2025\/01\/14-450x450-1-400x400.jpg 400w, https:\/\/www.moma-design.it\/wp-content\/uploads\/2025\/01\/14-450x450-1-150x150.jpg 150w, https:\/\/www.moma-design.it\/wp-content\/uploads\/2025\/01\/14-450x450-1-300x300.jpg 300w, https:\/\/www.moma-design.it\/wp-content\/uploads\/2025\/01\/14-450x450-1-100x100.jpg 100w\" sizes=\"(max-width: 450px) 100vw, 450px\" \/><\/figure>\n<\/div>\n\n\n\n<div class=\"wp-block-column is-layout-flow wp-block-column-is-layout-flow\">\n<figure class=\"wp-block-image aligncenter size-full\"><img loading=\"lazy\" decoding=\"async\" width=\"450\" height=\"450\" src=\"https:\/\/www.moma-design.it\/wp-content\/uploads\/2024\/12\/1-450x450-focus-su-lato-destro-specchi-e-mobile.jpg\" alt=\"mirr outline avec eclipse\" class=\"wp-image-42935\" srcset=\"https:\/\/www.moma-design.it\/wp-content\/uploads\/2024\/12\/1-450x450-focus-su-lato-destro-specchi-e-mobile.jpg 450w, https:\/\/www.moma-design.it\/wp-content\/uploads\/2024\/12\/1-450x450-focus-su-lato-destro-specchi-e-mobile-400x400.jpg 400w, https:\/\/www.moma-design.it\/wp-content\/uploads\/2024\/12\/1-450x450-focus-su-lato-destro-specchi-e-mobile-150x150.jpg 150w, https:\/\/www.moma-design.it\/wp-content\/uploads\/2024\/12\/1-450x450-focus-su-lato-destro-specchi-e-mobile-300x300.jpg 300w, https:\/\/www.moma-design.it\/wp-content\/uploads\/2024\/12\/1-450x450-focus-su-lato-destro-specchi-e-mobile-100x100.jpg 100w\" sizes=\"(max-width: 450px) 100vw, 450px\" \/><\/figure>\n<\/div>\n<\/div>\n\n\n\n<h4 class=\"wp-block-heading\">Conception durable et innovante<\/h4>\n\n\n\n<p>MOMA Design confirme son engagement en faveur de la durabilit\u00e9 dans son nouveau catalogue. Chaque produit est con\u00e7u pour durer et pour r\u00e9duire l&rsquo;impact sur l&rsquo;environnement, gr\u00e2ce \u00e0 l&rsquo;utilisation de mat\u00e9riaux recyclables et de processus de production respectueux de l&rsquo;environnement.<\/p>\n\n\n\n<p>L&rsquo;int\u00e9gration de technologies avanc\u00e9es, telles que les miroirs r\u00e9tro-\u00e9clair\u00e9s par LED et les syst\u00e8mes d&rsquo;\u00e9conomie d&rsquo;eau, d\u00e9montre que la marque sait allier esth\u00e9tique et respect de l&rsquo;environnement.<\/p>\n\n\n\n<h4 class=\"wp-block-heading\">Des collections d\u00e9j\u00e0 embl\u00e9matiques et des nouveaut\u00e9s \u00e0 d\u00e9couvrir<\/h4>\n\n\n\n<p>Le catalogue comprend de nouvelles collections d\u00e9j\u00e0 embl\u00e9matiques, de nouvelles propositions qui \u00e9tonneront, ainsi que des produits qui ont fait la renomm\u00e9e de la marque.<\/p>\n\n\n\n<p>Les meubles de MOMA Design se pr\u00eatent \u00e0 la cr\u00e9ation d&rsquo;environnements dynamiques, parfaits pour les salles de bains spacieuses et les solutions compactes.<\/p>\n\n\n\n<div class=\"wp-block-columns alignwide is-layout-flex wp-container-core-columns-is-layout-28f84493 wp-block-columns-is-layout-flex\">\n<div class=\"wp-block-column is-layout-flow wp-block-column-is-layout-flow\">\n<figure class=\"wp-block-image aligncenter size-full\"><img loading=\"lazy\" decoding=\"async\" width=\"450\" height=\"450\" src=\"https:\/\/www.moma-design.it\/wp-content\/uploads\/2025\/01\/17-450x450-focus-su-mobile-coverwall.jpg\" alt=\"coverwall nouveau catalogue\" class=\"wp-image-43284\" srcset=\"https:\/\/www.moma-design.it\/wp-content\/uploads\/2025\/01\/17-450x450-focus-su-mobile-coverwall.jpg 450w, https:\/\/www.moma-design.it\/wp-content\/uploads\/2025\/01\/17-450x450-focus-su-mobile-coverwall-400x400.jpg 400w, https:\/\/www.moma-design.it\/wp-content\/uploads\/2025\/01\/17-450x450-focus-su-mobile-coverwall-150x150.jpg 150w, https:\/\/www.moma-design.it\/wp-content\/uploads\/2025\/01\/17-450x450-focus-su-mobile-coverwall-300x300.jpg 300w, https:\/\/www.moma-design.it\/wp-content\/uploads\/2025\/01\/17-450x450-focus-su-mobile-coverwall-100x100.jpg 100w\" sizes=\"(max-width: 450px) 100vw, 450px\" \/><\/figure>\n<\/div>\n\n\n\n<div class=\"wp-block-column is-layout-flow wp-block-column-is-layout-flow\">\n<figure class=\"wp-block-image aligncenter size-full\"><img loading=\"lazy\" decoding=\"async\" width=\"450\" height=\"450\" src=\"https:\/\/www.moma-design.it\/wp-content\/uploads\/2025\/01\/16-450x450-focus-su-boiserie.jpg\" alt=\"boiserie glass plus nouveau catalogue\" class=\"wp-image-43280\" srcset=\"https:\/\/www.moma-design.it\/wp-content\/uploads\/2025\/01\/16-450x450-focus-su-boiserie.jpg 450w, https:\/\/www.moma-design.it\/wp-content\/uploads\/2025\/01\/16-450x450-focus-su-boiserie-400x400.jpg 400w, https:\/\/www.moma-design.it\/wp-content\/uploads\/2025\/01\/16-450x450-focus-su-boiserie-150x150.jpg 150w, https:\/\/www.moma-design.it\/wp-content\/uploads\/2025\/01\/16-450x450-focus-su-boiserie-300x300.jpg 300w, https:\/\/www.moma-design.it\/wp-content\/uploads\/2025\/01\/16-450x450-focus-su-boiserie-100x100.jpg 100w\" sizes=\"(max-width: 450px) 100vw, 450px\" \/><\/figure>\n<\/div>\n\n\n\n<div class=\"wp-block-column is-layout-flow wp-block-column-is-layout-flow\">\n<figure class=\"wp-block-image aligncenter size-full\"><img loading=\"lazy\" decoding=\"async\" width=\"450\" height=\"450\" src=\"https:\/\/www.moma-design.it\/wp-content\/uploads\/2025\/01\/18-450x450-focus-su-boiserie.jpg\" alt=\"boiserie glass nouveau catalogue\" class=\"wp-image-43288\" srcset=\"https:\/\/www.moma-design.it\/wp-content\/uploads\/2025\/01\/18-450x450-focus-su-boiserie.jpg 450w, https:\/\/www.moma-design.it\/wp-content\/uploads\/2025\/01\/18-450x450-focus-su-boiserie-400x400.jpg 400w, https:\/\/www.moma-design.it\/wp-content\/uploads\/2025\/01\/18-450x450-focus-su-boiserie-150x150.jpg 150w, https:\/\/www.moma-design.it\/wp-content\/uploads\/2025\/01\/18-450x450-focus-su-boiserie-300x300.jpg 300w, https:\/\/www.moma-design.it\/wp-content\/uploads\/2025\/01\/18-450x450-focus-su-boiserie-100x100.jpg 100w\" sizes=\"(max-width: 450px) 100vw, 450px\" \/><\/figure>\n<\/div>\n<\/div>\n\n\n\n<h4 class=\"wp-block-heading\">Explorez le nouveau catalogue MOMA Design<\/h4>\n\n\n\n<p>Disponible en version digitale et papier, le nouveau catalogue MOMA Design est une source d&rsquo;inspiration pour les architectes, les designers et les particuliers. Gr\u00e2ce \u00e0 son organisation intuitive, il permet d&rsquo;explorer facilement les diff\u00e9rentes collections et d&rsquo;imaginer des projets adapt\u00e9s \u00e0 chaque besoin.<\/p>\n\n\n\n<p>Chaque collection est explor\u00e9e et d\u00e9clin\u00e9e en cinq sc\u00e8nes diff\u00e9rentes, o\u00f9 les autres produits de la gamme MOMA Design, tels que baignoires, receveurs de douche, cabines de douche, pommeaux de douche, miroirs et accessoires, trouvent \u00e9galement leur place.<\/p>\n\n\n\n<p>Avec le nouveau catalogue, MOMA Design consolide sa position de leader dans le secteur des meubles de salle de bains de luxe, en proposant des solutions innovantes, des mat\u00e9riaux de premi\u00e8re qualit\u00e9 et une attention in\u00e9gal\u00e9e \u00e0 la personnalisation.<\/p>\n\n\n\n<p><a href=\"https:\/\/www.moma-design.it\/fr\/telecharger\/\">Parcourez le catalogue<\/a> et d\u00e9couvrez comment MOMA Design peut transformer votre salle de bains (et au-del\u00e0 !) en un espace qui refl\u00e8te votre style, o\u00f9 le confort et le design trouvent leur plus haute expression.<\/p>\n","protected":false},"excerpt":{"rendered":"<p>Le nouveau catalogue MOMA Design red\u00e9finit le mobilier de salle de bains de luxe, avec de nouvelles collections de meubles d\u00e9j\u00e0 embl\u00e9matiques et plus encore.<\/p>\n","protected":false},"author":2,"featured_media":43294,"comment_status":"open","ping_status":"open","sticky":false,"template":"","format":"standard","meta":{"site-sidebar-layout":"default","site-content-layout":"","ast-site-content-layout":"default","site-content-style":"default","site-sidebar-style":"default","ast-global-header-display":"","ast-banner-title-visibility":"","ast-main-header-display":"","ast-hfb-above-header-display":"","ast-hfb-below-header-display":"","ast-hfb-mobile-header-display":"","site-post-title":"","ast-breadcrumbs-content":"","ast-featured-img":"","footer-sml-layout":"","ast-disable-related-posts":"","theme-transparent-header-meta":"","adv-header-id-meta":"","stick-header-meta":"","header-above-stick-meta":"","header-main-stick-meta":"","header-below-stick-meta":"","astra-migrate-meta-layouts":"set","ast-page-background-enabled":"default","ast-page-background-meta":{"desktop":{"background-color":"var(--ast-global-color-4)","background-image":"","background-repeat":"repeat","background-position":"center center","background-size":"auto","background-attachment":"scroll","background-type":"","background-media":"","overlay-type":"","overlay-color":"","overlay-opacity":"","overlay-gradient":""},"tablet":{"background-color":"","background-image":"","background-repeat":"repeat","background-position":"center center","background-size":"auto","background-attachment":"scroll","background-type":"","background-media":"","overlay-type":"","overlay-color":"","overlay-opacity":"","overlay-gradient":""},"mobile":{"background-color":"","background-image":"","background-repeat":"repeat","background-position":"center center","background-size":"auto","background-attachment":"scroll","background-type":"","background-media":"","overlay-type":"","overlay-color":"","overlay-opacity":"","overlay-gradient":""}},"ast-content-background-meta":{"desktop":{"background-color":"var(--ast-global-color-5)","background-image":"","background-repeat":"repeat","background-position":"center center","background-size":"auto","background-attachment":"scroll","background-type":"","background-media":"","overlay-type":"","overlay-color":"","overlay-opacity":"","overlay-gradient":""},"tablet":{"background-color":"var(--ast-global-color-5)","background-image":"","background-repeat":"repeat","background-position":"center center","background-size":"auto","background-attachment":"scroll","background-type":"","background-media":"","overlay-type":"","overlay-color":"","overlay-opacity":"","overlay-gradient":""},"mobile":{"background-color":"var(--ast-global-color-5)","background-image":"","background-repeat":"repeat","background-position":"center center","background-size":"auto","background-attachment":"scroll","background-type":"","background-media":"","overlay-type":"","overlay-color":"","overlay-opacity":"","overlay-gradient":""}},"footnotes":""},"categories":[222,131],"tags":[],"realizzazione_categoria":[],"class_list":["post-43312","post","type-post","status-publish","format-standard","has-post-thumbnail","hentry","category-news-fr","category-non-classifiee"],"yoast_head":"<!-- This site is optimized with the Yoast SEO plugin v26.8 - https:\/\/yoast.com\/product\/yoast-seo-wordpress\/ -->\n<title>Le nouveau catalogue MOMA Design | MOMA Design<\/title>\n<meta name=\"description\" content=\"Le nouveau catalogue MOMA Design red\u00e9finit le mobilier de salle de bains, avec de nouvelles collections d\u00e9j\u00e0 embl\u00e9matiques et plus encore.\" \/>\n<meta name=\"robots\" content=\"index, follow, max-snippet:-1, max-image-preview:large, max-video-preview:-1\" \/>\n<link rel=\"canonical\" href=\"https:\/\/www.moma-design.it\/fr\/le-nouveau-catalogue-moma-design-redefinit-le-mobilier-de-salle-de-bains-de-luxe\/\" \/>\n<meta property=\"og:locale\" content=\"fr_FR\" \/>\n<meta property=\"og:type\" content=\"article\" \/>\n<meta property=\"og:title\" content=\"Le nouveau catalogue MOMA Design | MOMA Design\" \/>\n<meta property=\"og:description\" content=\"Le nouveau catalogue MOMA Design red\u00e9finit le mobilier de salle de bains, avec de nouvelles collections d\u00e9j\u00e0 embl\u00e9matiques et plus encore.\" \/>\n<meta property=\"og:url\" content=\"https:\/\/www.moma-design.it\/fr\/le-nouveau-catalogue-moma-design-redefinit-le-mobilier-de-salle-de-bains-de-luxe\/\" \/>\n<meta property=\"og:site_name\" content=\"MOMA Design\" \/>\n<meta property=\"article:published_time\" content=\"2025-01-16T11:02:10+00:00\" \/>\n<meta property=\"article:modified_time\" content=\"2025-01-16T11:05:10+00:00\" \/>\n<meta property=\"og:image\" content=\"https:\/\/www.moma-design.it\/wp-content\/uploads\/2025\/01\/copertina-1920x800-1.jpg\" \/>\n\t<meta property=\"og:image:width\" content=\"1920\" \/>\n\t<meta property=\"og:image:height\" content=\"800\" \/>\n\t<meta property=\"og:image:type\" content=\"image\/jpeg\" \/>\n<meta name=\"author\" content=\"Michela Melissano\" \/>\n<meta name=\"twitter:card\" content=\"summary_large_image\" \/>\n<meta name=\"twitter:label1\" content=\"\u00c9crit par\" \/>\n\t<meta name=\"twitter:data1\" content=\"Michela Melissano\" \/>\n\t<meta name=\"twitter:label2\" content=\"Dur\u00e9e de lecture estim\u00e9e\" \/>\n\t<meta name=\"twitter:data2\" content=\"10 minutes\" \/>\n<script type=\"application\/ld+json\" class=\"yoast-schema-graph\">{\"@context\":\"https:\/\/schema.org\",\"@graph\":[{\"@type\":\"Article\",\"@id\":\"https:\/\/www.moma-design.it\/fr\/le-nouveau-catalogue-moma-design-redefinit-le-mobilier-de-salle-de-bains-de-luxe\/#article\",\"isPartOf\":{\"@id\":\"https:\/\/www.moma-design.it\/fr\/le-nouveau-catalogue-moma-design-redefinit-le-mobilier-de-salle-de-bains-de-luxe\/\"},\"author\":{\"name\":\"Michela Melissano\",\"@id\":\"https:\/\/www.moma-design.it\/#\/schema\/person\/75f17af98d2696602c12318522f82ba8\"},\"headline\":\"Le nouveau catalogue MOMA Design red\u00e9finit le mobilier de salle de bains de luxe\",\"datePublished\":\"2025-01-16T11:02:10+00:00\",\"dateModified\":\"2025-01-16T11:05:10+00:00\",\"mainEntityOfPage\":{\"@id\":\"https:\/\/www.moma-design.it\/fr\/le-nouveau-catalogue-moma-design-redefinit-le-mobilier-de-salle-de-bains-de-luxe\/\"},\"wordCount\":1117,\"commentCount\":0,\"publisher\":{\"@id\":\"https:\/\/www.moma-design.it\/#organization\"},\"image\":{\"@id\":\"https:\/\/www.moma-design.it\/fr\/le-nouveau-catalogue-moma-design-redefinit-le-mobilier-de-salle-de-bains-de-luxe\/#primaryimage\"},\"thumbnailUrl\":\"https:\/\/www.moma-design.it\/wp-content\/uploads\/2025\/01\/copertina-1920x800-1.jpg\",\"articleSection\":[\"News\",\"Non classifi\u00e9(e)\"],\"inLanguage\":\"fr-FR\",\"potentialAction\":[{\"@type\":\"CommentAction\",\"name\":\"Comment\",\"target\":[\"https:\/\/www.moma-design.it\/fr\/le-nouveau-catalogue-moma-design-redefinit-le-mobilier-de-salle-de-bains-de-luxe\/#respond\"]}]},{\"@type\":\"WebPage\",\"@id\":\"https:\/\/www.moma-design.it\/fr\/le-nouveau-catalogue-moma-design-redefinit-le-mobilier-de-salle-de-bains-de-luxe\/\",\"url\":\"https:\/\/www.moma-design.it\/fr\/le-nouveau-catalogue-moma-design-redefinit-le-mobilier-de-salle-de-bains-de-luxe\/\",\"name\":\"Le nouveau catalogue MOMA Design | MOMA Design\",\"isPartOf\":{\"@id\":\"https:\/\/www.moma-design.it\/#website\"},\"primaryImageOfPage\":{\"@id\":\"https:\/\/www.moma-design.it\/fr\/le-nouveau-catalogue-moma-design-redefinit-le-mobilier-de-salle-de-bains-de-luxe\/#primaryimage\"},\"image\":{\"@id\":\"https:\/\/www.moma-design.it\/fr\/le-nouveau-catalogue-moma-design-redefinit-le-mobilier-de-salle-de-bains-de-luxe\/#primaryimage\"},\"thumbnailUrl\":\"https:\/\/www.moma-design.it\/wp-content\/uploads\/2025\/01\/copertina-1920x800-1.jpg\",\"datePublished\":\"2025-01-16T11:02:10+00:00\",\"dateModified\":\"2025-01-16T11:05:10+00:00\",\"description\":\"Le nouveau catalogue MOMA Design red\u00e9finit le mobilier de salle de bains, avec de nouvelles collections d\u00e9j\u00e0 embl\u00e9matiques et plus encore.\",\"breadcrumb\":{\"@id\":\"https:\/\/www.moma-design.it\/fr\/le-nouveau-catalogue-moma-design-redefinit-le-mobilier-de-salle-de-bains-de-luxe\/#breadcrumb\"},\"inLanguage\":\"fr-FR\",\"potentialAction\":[{\"@type\":\"ReadAction\",\"target\":[\"https:\/\/www.moma-design.it\/fr\/le-nouveau-catalogue-moma-design-redefinit-le-mobilier-de-salle-de-bains-de-luxe\/\"]}]},{\"@type\":\"ImageObject\",\"inLanguage\":\"fr-FR\",\"@id\":\"https:\/\/www.moma-design.it\/fr\/le-nouveau-catalogue-moma-design-redefinit-le-mobilier-de-salle-de-bains-de-luxe\/#primaryimage\",\"url\":\"https:\/\/www.moma-design.it\/wp-content\/uploads\/2025\/01\/copertina-1920x800-1.jpg\",\"contentUrl\":\"https:\/\/www.moma-design.it\/wp-content\/uploads\/2025\/01\/copertina-1920x800-1.jpg\",\"width\":1920,\"height\":800,\"caption\":\"copertina eclectic nuovo catalogo\"},{\"@type\":\"BreadcrumbList\",\"@id\":\"https:\/\/www.moma-design.it\/fr\/le-nouveau-catalogue-moma-design-redefinit-le-mobilier-de-salle-de-bains-de-luxe\/#breadcrumb\",\"itemListElement\":[{\"@type\":\"ListItem\",\"position\":1,\"name\":\"Home\",\"item\":\"https:\/\/www.moma-design.it\/\"},{\"@type\":\"ListItem\",\"position\":2,\"name\":\"Le nouveau catalogue MOMA Design red\u00e9finit le mobilier de salle de bains de luxe\"}]},{\"@type\":\"WebSite\",\"@id\":\"https:\/\/www.moma-design.it\/#website\",\"url\":\"https:\/\/www.moma-design.it\/\",\"name\":\"MOMA Design\",\"description\":\"\",\"publisher\":{\"@id\":\"https:\/\/www.moma-design.it\/#organization\"},\"potentialAction\":[{\"@type\":\"SearchAction\",\"target\":{\"@type\":\"EntryPoint\",\"urlTemplate\":\"https:\/\/www.moma-design.it\/?s={search_term_string}\"},\"query-input\":{\"@type\":\"PropertyValueSpecification\",\"valueRequired\":true,\"valueName\":\"search_term_string\"}}],\"inLanguage\":\"fr-FR\"},{\"@type\":\"Organization\",\"@id\":\"https:\/\/www.moma-design.it\/#organization\",\"name\":\"MOMA Design\",\"url\":\"https:\/\/www.moma-design.it\/\",\"logo\":{\"@type\":\"ImageObject\",\"inLanguage\":\"fr-FR\",\"@id\":\"https:\/\/www.moma-design.it\/#\/schema\/logo\/image\/\",\"url\":\"https:\/\/www.moma-design.it\/wp-content\/uploads\/2023\/07\/Logotipo-bianco-Moma-Design.png\",\"contentUrl\":\"https:\/\/www.moma-design.it\/wp-content\/uploads\/2023\/07\/Logotipo-bianco-Moma-Design.png\",\"width\":250,\"height\":150,\"caption\":\"MOMA Design\"},\"image\":{\"@id\":\"https:\/\/www.moma-design.it\/#\/schema\/logo\/image\/\"}},{\"@type\":\"Person\",\"@id\":\"https:\/\/www.moma-design.it\/#\/schema\/person\/75f17af98d2696602c12318522f82ba8\",\"name\":\"Michela Melissano\",\"image\":{\"@type\":\"ImageObject\",\"inLanguage\":\"fr-FR\",\"@id\":\"https:\/\/www.moma-design.it\/#\/schema\/person\/image\/\",\"url\":\"https:\/\/secure.gravatar.com\/avatar\/0621d8e5abd794b4e28548d00aaf935bf73b54d85ceb059b656bf4d97d6c1edc?s=96&d=mm&r=g\",\"contentUrl\":\"https:\/\/secure.gravatar.com\/avatar\/0621d8e5abd794b4e28548d00aaf935bf73b54d85ceb059b656bf4d97d6c1edc?s=96&d=mm&r=g\",\"caption\":\"Michela Melissano\"},\"url\":\"https:\/\/www.moma-design.it\/fr\/author\/moma-design\/\"}]}<\/script>\n<!-- \/ Yoast SEO plugin. -->","yoast_head_json":{"title":"Le nouveau catalogue MOMA Design | MOMA Design","description":"Le nouveau catalogue MOMA Design red\u00e9finit le mobilier de salle de bains, avec de nouvelles collections d\u00e9j\u00e0 embl\u00e9matiques et plus encore.","robots":{"index":"index","follow":"follow","max-snippet":"max-snippet:-1","max-image-preview":"max-image-preview:large","max-video-preview":"max-video-preview:-1"},"canonical":"https:\/\/www.moma-design.it\/fr\/le-nouveau-catalogue-moma-design-redefinit-le-mobilier-de-salle-de-bains-de-luxe\/","og_locale":"fr_FR","og_type":"article","og_title":"Le nouveau catalogue MOMA Design | MOMA Design","og_description":"Le nouveau catalogue MOMA Design red\u00e9finit le mobilier de salle de bains, avec de nouvelles collections d\u00e9j\u00e0 embl\u00e9matiques et plus encore.","og_url":"https:\/\/www.moma-design.it\/fr\/le-nouveau-catalogue-moma-design-redefinit-le-mobilier-de-salle-de-bains-de-luxe\/","og_site_name":"MOMA Design","article_published_time":"2025-01-16T11:02:10+00:00","article_modified_time":"2025-01-16T11:05:10+00:00","og_image":[{"width":1920,"height":800,"url":"https:\/\/www.moma-design.it\/wp-content\/uploads\/2025\/01\/copertina-1920x800-1.jpg","type":"image\/jpeg"}],"author":"Michela Melissano","twitter_card":"summary_large_image","twitter_misc":{"\u00c9crit par":"Michela Melissano","Dur\u00e9e de lecture estim\u00e9e":"10 minutes"},"schema":{"@context":"https:\/\/schema.org","@graph":[{"@type":"Article","@id":"https:\/\/www.moma-design.it\/fr\/le-nouveau-catalogue-moma-design-redefinit-le-mobilier-de-salle-de-bains-de-luxe\/#article","isPartOf":{"@id":"https:\/\/www.moma-design.it\/fr\/le-nouveau-catalogue-moma-design-redefinit-le-mobilier-de-salle-de-bains-de-luxe\/"},"author":{"name":"Michela Melissano","@id":"https:\/\/www.moma-design.it\/#\/schema\/person\/75f17af98d2696602c12318522f82ba8"},"headline":"Le nouveau catalogue MOMA Design red\u00e9finit le mobilier de salle de bains de luxe","datePublished":"2025-01-16T11:02:10+00:00","dateModified":"2025-01-16T11:05:10+00:00","mainEntityOfPage":{"@id":"https:\/\/www.moma-design.it\/fr\/le-nouveau-catalogue-moma-design-redefinit-le-mobilier-de-salle-de-bains-de-luxe\/"},"wordCount":1117,"commentCount":0,"publisher":{"@id":"https:\/\/www.moma-design.it\/#organization"},"image":{"@id":"https:\/\/www.moma-design.it\/fr\/le-nouveau-catalogue-moma-design-redefinit-le-mobilier-de-salle-de-bains-de-luxe\/#primaryimage"},"thumbnailUrl":"https:\/\/www.moma-design.it\/wp-content\/uploads\/2025\/01\/copertina-1920x800-1.jpg","articleSection":["News","Non classifi\u00e9(e)"],"inLanguage":"fr-FR","potentialAction":[{"@type":"CommentAction","name":"Comment","target":["https:\/\/www.moma-design.it\/fr\/le-nouveau-catalogue-moma-design-redefinit-le-mobilier-de-salle-de-bains-de-luxe\/#respond"]}]},{"@type":"WebPage","@id":"https:\/\/www.moma-design.it\/fr\/le-nouveau-catalogue-moma-design-redefinit-le-mobilier-de-salle-de-bains-de-luxe\/","url":"https:\/\/www.moma-design.it\/fr\/le-nouveau-catalogue-moma-design-redefinit-le-mobilier-de-salle-de-bains-de-luxe\/","name":"Le nouveau catalogue MOMA Design | MOMA Design","isPartOf":{"@id":"https:\/\/www.moma-design.it\/#website"},"primaryImageOfPage":{"@id":"https:\/\/www.moma-design.it\/fr\/le-nouveau-catalogue-moma-design-redefinit-le-mobilier-de-salle-de-bains-de-luxe\/#primaryimage"},"image":{"@id":"https:\/\/www.moma-design.it\/fr\/le-nouveau-catalogue-moma-design-redefinit-le-mobilier-de-salle-de-bains-de-luxe\/#primaryimage"},"thumbnailUrl":"https:\/\/www.moma-design.it\/wp-content\/uploads\/2025\/01\/copertina-1920x800-1.jpg","datePublished":"2025-01-16T11:02:10+00:00","dateModified":"2025-01-16T11:05:10+00:00","description":"Le nouveau catalogue MOMA Design red\u00e9finit le mobilier de salle de bains, avec de nouvelles collections d\u00e9j\u00e0 embl\u00e9matiques et plus encore.","breadcrumb":{"@id":"https:\/\/www.moma-design.it\/fr\/le-nouveau-catalogue-moma-design-redefinit-le-mobilier-de-salle-de-bains-de-luxe\/#breadcrumb"},"inLanguage":"fr-FR","potentialAction":[{"@type":"ReadAction","target":["https:\/\/www.moma-design.it\/fr\/le-nouveau-catalogue-moma-design-redefinit-le-mobilier-de-salle-de-bains-de-luxe\/"]}]},{"@type":"ImageObject","inLanguage":"fr-FR","@id":"https:\/\/www.moma-design.it\/fr\/le-nouveau-catalogue-moma-design-redefinit-le-mobilier-de-salle-de-bains-de-luxe\/#primaryimage","url":"https:\/\/www.moma-design.it\/wp-content\/uploads\/2025\/01\/copertina-1920x800-1.jpg","contentUrl":"https:\/\/www.moma-design.it\/wp-content\/uploads\/2025\/01\/copertina-1920x800-1.jpg","width":1920,"height":800,"caption":"copertina eclectic nuovo catalogo"},{"@type":"BreadcrumbList","@id":"https:\/\/www.moma-design.it\/fr\/le-nouveau-catalogue-moma-design-redefinit-le-mobilier-de-salle-de-bains-de-luxe\/#breadcrumb","itemListElement":[{"@type":"ListItem","position":1,"name":"Home","item":"https:\/\/www.moma-design.it\/"},{"@type":"ListItem","position":2,"name":"Le nouveau catalogue MOMA Design red\u00e9finit le mobilier de salle de bains de luxe"}]},{"@type":"WebSite","@id":"https:\/\/www.moma-design.it\/#website","url":"https:\/\/www.moma-design.it\/","name":"MOMA Design","description":"","publisher":{"@id":"https:\/\/www.moma-design.it\/#organization"},"potentialAction":[{"@type":"SearchAction","target":{"@type":"EntryPoint","urlTemplate":"https:\/\/www.moma-design.it\/?s={search_term_string}"},"query-input":{"@type":"PropertyValueSpecification","valueRequired":true,"valueName":"search_term_string"}}],"inLanguage":"fr-FR"},{"@type":"Organization","@id":"https:\/\/www.moma-design.it\/#organization","name":"MOMA Design","url":"https:\/\/www.moma-design.it\/","logo":{"@type":"ImageObject","inLanguage":"fr-FR","@id":"https:\/\/www.moma-design.it\/#\/schema\/logo\/image\/","url":"https:\/\/www.moma-design.it\/wp-content\/uploads\/2023\/07\/Logotipo-bianco-Moma-Design.png","contentUrl":"https:\/\/www.moma-design.it\/wp-content\/uploads\/2023\/07\/Logotipo-bianco-Moma-Design.png","width":250,"height":150,"caption":"MOMA Design"},"image":{"@id":"https:\/\/www.moma-design.it\/#\/schema\/logo\/image\/"}},{"@type":"Person","@id":"https:\/\/www.moma-design.it\/#\/schema\/person\/75f17af98d2696602c12318522f82ba8","name":"Michela Melissano","image":{"@type":"ImageObject","inLanguage":"fr-FR","@id":"https:\/\/www.moma-design.it\/#\/schema\/person\/image\/","url":"https:\/\/secure.gravatar.com\/avatar\/0621d8e5abd794b4e28548d00aaf935bf73b54d85ceb059b656bf4d97d6c1edc?s=96&d=mm&r=g","contentUrl":"https:\/\/secure.gravatar.com\/avatar\/0621d8e5abd794b4e28548d00aaf935bf73b54d85ceb059b656bf4d97d6c1edc?s=96&d=mm&r=g","caption":"Michela Melissano"},"url":"https:\/\/www.moma-design.it\/fr\/author\/moma-design\/"}]}},"_links":{"self":[{"href":"https:\/\/www.moma-design.it\/fr\/wp-json\/wp\/v2\/posts\/43312","targetHints":{"allow":["GET"]}}],"collection":[{"href":"https:\/\/www.moma-design.it\/fr\/wp-json\/wp\/v2\/posts"}],"about":[{"href":"https:\/\/www.moma-design.it\/fr\/wp-json\/wp\/v2\/types\/post"}],"author":[{"embeddable":true,"href":"https:\/\/www.moma-design.it\/fr\/wp-json\/wp\/v2\/users\/2"}],"replies":[{"embeddable":true,"href":"https:\/\/www.moma-design.it\/fr\/wp-json\/wp\/v2\/comments?post=43312"}],"version-history":[{"count":0,"href":"https:\/\/www.moma-design.it\/fr\/wp-json\/wp\/v2\/posts\/43312\/revisions"}],"wp:featuredmedia":[{"embeddable":true,"href":"https:\/\/www.moma-design.it\/fr\/wp-json\/wp\/v2\/media\/43294"}],"wp:attachment":[{"href":"https:\/\/www.moma-design.it\/fr\/wp-json\/wp\/v2\/media?parent=43312"}],"wp:term":[{"taxonomy":"category","embeddable":true,"href":"https:\/\/www.moma-design.it\/fr\/wp-json\/wp\/v2\/categories?post=43312"},{"taxonomy":"post_tag","embeddable":true,"href":"https:\/\/www.moma-design.it\/fr\/wp-json\/wp\/v2\/tags?post=43312"},{"taxonomy":"realizzazione_categoria","embeddable":true,"href":"https:\/\/www.moma-design.it\/fr\/wp-json\/wp\/v2\/realizzazione_categoria?post=43312"}],"curies":[{"name":"wp","href":"https:\/\/api.w.org\/{rel}","templated":true}]}}