{"id":37023,"date":"2023-04-03T15:30:53","date_gmt":"2023-04-03T13:30:53","guid":{"rendered":"https:\/\/www.moma-design.it\/moma-design-au-salon-mosbuild-2023\/"},"modified":"2023-10-09T15:24:20","modified_gmt":"2023-10-09T13:24:20","slug":"moma-design-au-salon-mosbuild-2023","status":"publish","type":"post","link":"https:\/\/www.moma-design.it\/fr\/moma-design-au-salon-mosbuild-2023\/","title":{"rendered":"MOMA design au salon Mosbuild 2023"},"content":{"rendered":"\n<p>Notre partenaire AM GROUP a re-pr\u00e9sent\u00e9 la marque <strong>MOMA Design<\/strong> \u00e0 <strong>MOSBUILD 2023<\/strong>, suite \u00e0 son succ\u00e8s lors de l&rsquo;\u00e9dition 2022. Aux c\u00f4t\u00e9s d&rsquo;autres grandes marques italiennes de mobilier de salle de bains haut de gamme, MOMA Design \u00e9tait pr\u00e9sent sur le stand \u00ab\u00a0Art Quarter\u00a0\u00bb, con\u00e7u par AM Group en collaboration avec de grands architectes et designers, et a fait briller le stand avec ses meubles, lavabos et baignoires.<\/p>\n\n<p>Un stand \u00ab\u00a0sensoriel\u00a0\u00bb, compos\u00e9 de murs doux et organiques, recouverts de tissus transparents et \u00e9clair\u00e9s avec art, un espace capable de mettre en valeur et d&rsquo;exploiter au maximum les produits de MOMA Design.<\/p>\n\n<p>Les visiteurs ont pu admirer : baignoire <strong>CHAISE LONGUE RIVE GAUCHE<\/strong> avec parois en verre, lavabos \u00e0 poser <strong>TOWER KEPLERO<\/strong> avec base en gr\u00e8s c\u00e9rame, baignoire <strong>RUBY INFINITY<\/strong>, armoire en verre <strong>ELEGANCE<\/strong> avec plan vasque en marbre <strong>CAPRI<\/strong>, pomme de douche <strong>METEORA<\/strong>, sanitaire mod\u00e8le <strong>TONDO<\/strong>, accessoire <strong>CADDY<\/strong>.<\/p>\n\n<div style=\"height:50px\" aria-hidden=\"true\" class=\"wp-block-spacer\"><\/div>\n\n<figure class=\"wp-block-gallery has-nested-images columns-2 is-cropped wp-block-gallery-1 is-layout-flex wp-block-gallery-is-layout-flex\">\n<figure class=\"wp-block-image size-full\"><img fetchpriority=\"high\" decoding=\"async\" width=\"700\" height=\"467\" data-id=\"36853\" src=\"https:\/\/www.moma-design.it\/wp-content\/uploads\/2023\/09\/Arredo-firmato-MOMA-Design-Mosbuild-2023.jpg\" alt=\"\" class=\"wp-image-36853\" srcset=\"https:\/\/www.moma-design.it\/wp-content\/uploads\/2023\/09\/Arredo-firmato-MOMA-Design-Mosbuild-2023.jpg 700w, https:\/\/www.moma-design.it\/wp-content\/uploads\/2023\/09\/Arredo-firmato-MOMA-Design-Mosbuild-2023-400x267.jpg 400w, https:\/\/www.moma-design.it\/wp-content\/uploads\/2023\/09\/Arredo-firmato-MOMA-Design-Mosbuild-2023-300x200.jpg 300w, https:\/\/www.moma-design.it\/wp-content\/uploads\/2023\/09\/Arredo-firmato-MOMA-Design-Mosbuild-2023-600x400.jpg 600w\" sizes=\"(max-width: 700px) 100vw, 700px\" \/><\/figure>\n\n\n\n<figure class=\"wp-block-image size-full\"><img decoding=\"async\" width=\"700\" height=\"467\" data-id=\"36843\" src=\"https:\/\/www.moma-design.it\/wp-content\/uploads\/2023\/09\/MOMA-Design-al-Mosbuild-2023.jpg\" alt=\"\" class=\"wp-image-36843\" srcset=\"https:\/\/www.moma-design.it\/wp-content\/uploads\/2023\/09\/MOMA-Design-al-Mosbuild-2023.jpg 700w, https:\/\/www.moma-design.it\/wp-content\/uploads\/2023\/09\/MOMA-Design-al-Mosbuild-2023-400x267.jpg 400w, https:\/\/www.moma-design.it\/wp-content\/uploads\/2023\/09\/MOMA-Design-al-Mosbuild-2023-300x200.jpg 300w, https:\/\/www.moma-design.it\/wp-content\/uploads\/2023\/09\/MOMA-Design-al-Mosbuild-2023-600x400.jpg 600w\" sizes=\"(max-width: 700px) 100vw, 700px\" \/><\/figure>\n\n\n\n<figure class=\"wp-block-image size-full\"><img decoding=\"async\" width=\"700\" height=\"467\" data-id=\"36859\" src=\"https:\/\/www.moma-design.it\/wp-content\/uploads\/2023\/09\/Vasche-MOMA-Design-al-Mosbuild-2023.jpg\" alt=\"\" class=\"wp-image-36859\" srcset=\"https:\/\/www.moma-design.it\/wp-content\/uploads\/2023\/09\/Vasche-MOMA-Design-al-Mosbuild-2023.jpg 700w, https:\/\/www.moma-design.it\/wp-content\/uploads\/2023\/09\/Vasche-MOMA-Design-al-Mosbuild-2023-400x267.jpg 400w, https:\/\/www.moma-design.it\/wp-content\/uploads\/2023\/09\/Vasche-MOMA-Design-al-Mosbuild-2023-300x200.jpg 300w, https:\/\/www.moma-design.it\/wp-content\/uploads\/2023\/09\/Vasche-MOMA-Design-al-Mosbuild-2023-600x400.jpg 600w\" sizes=\"(max-width: 700px) 100vw, 700px\" \/><\/figure>\n\n\n\n<figure class=\"wp-block-image size-full\"><img loading=\"lazy\" decoding=\"async\" width=\"700\" height=\"467\" data-id=\"36855\" src=\"https:\/\/www.moma-design.it\/wp-content\/uploads\/2023\/09\/Arredo-bagno-MOMA-Design-Mosbuild-2023.jpg\" alt=\"\" class=\"wp-image-36855\" srcset=\"https:\/\/www.moma-design.it\/wp-content\/uploads\/2023\/09\/Arredo-bagno-MOMA-Design-Mosbuild-2023.jpg 700w, https:\/\/www.moma-design.it\/wp-content\/uploads\/2023\/09\/Arredo-bagno-MOMA-Design-Mosbuild-2023-400x267.jpg 400w, https:\/\/www.moma-design.it\/wp-content\/uploads\/2023\/09\/Arredo-bagno-MOMA-Design-Mosbuild-2023-300x200.jpg 300w, https:\/\/www.moma-design.it\/wp-content\/uploads\/2023\/09\/Arredo-bagno-MOMA-Design-Mosbuild-2023-600x400.jpg 600w\" sizes=\"(max-width: 700px) 100vw, 700px\" \/><\/figure>\n\n\n\n<figure class=\"wp-block-image size-full\"><img loading=\"lazy\" decoding=\"async\" width=\"700\" height=\"467\" data-id=\"36851\" src=\"https:\/\/www.moma-design.it\/wp-content\/uploads\/2023\/09\/Arredo-MOMA-Design-Mosbuild-2023.jpg\" alt=\"\" class=\"wp-image-36851\" srcset=\"https:\/\/www.moma-design.it\/wp-content\/uploads\/2023\/09\/Arredo-MOMA-Design-Mosbuild-2023.jpg 700w, https:\/\/www.moma-design.it\/wp-content\/uploads\/2023\/09\/Arredo-MOMA-Design-Mosbuild-2023-400x267.jpg 400w, https:\/\/www.moma-design.it\/wp-content\/uploads\/2023\/09\/Arredo-MOMA-Design-Mosbuild-2023-300x200.jpg 300w, https:\/\/www.moma-design.it\/wp-content\/uploads\/2023\/09\/Arredo-MOMA-Design-Mosbuild-2023-600x400.jpg 600w\" sizes=\"(max-width: 700px) 100vw, 700px\" \/><\/figure>\n\n\n\n<figure class=\"wp-block-image size-full\"><img loading=\"lazy\" decoding=\"async\" width=\"700\" height=\"467\" data-id=\"36847\" src=\"https:\/\/www.moma-design.it\/wp-content\/uploads\/2023\/09\/Arredo-bagno-MOMA-Design-al-Mosbuild-2023.jpg\" alt=\"\" class=\"wp-image-36847\" srcset=\"https:\/\/www.moma-design.it\/wp-content\/uploads\/2023\/09\/Arredo-bagno-MOMA-Design-al-Mosbuild-2023.jpg 700w, https:\/\/www.moma-design.it\/wp-content\/uploads\/2023\/09\/Arredo-bagno-MOMA-Design-al-Mosbuild-2023-400x267.jpg 400w, https:\/\/www.moma-design.it\/wp-content\/uploads\/2023\/09\/Arredo-bagno-MOMA-Design-al-Mosbuild-2023-300x200.jpg 300w, https:\/\/www.moma-design.it\/wp-content\/uploads\/2023\/09\/Arredo-bagno-MOMA-Design-al-Mosbuild-2023-600x400.jpg 600w\" sizes=\"(max-width: 700px) 100vw, 700px\" \/><\/figure>\n\n\n\n<figure class=\"wp-block-image size-full\"><img loading=\"lazy\" decoding=\"async\" width=\"700\" height=\"467\" data-id=\"36873\" src=\"https:\/\/www.moma-design.it\/wp-content\/uploads\/2023\/09\/Le-vasche-firmate-MOMA-Design-al-Mosbuild-2023.jpg\" alt=\"\" class=\"wp-image-36873\" srcset=\"https:\/\/www.moma-design.it\/wp-content\/uploads\/2023\/09\/Le-vasche-firmate-MOMA-Design-al-Mosbuild-2023.jpg 700w, https:\/\/www.moma-design.it\/wp-content\/uploads\/2023\/09\/Le-vasche-firmate-MOMA-Design-al-Mosbuild-2023-400x267.jpg 400w, https:\/\/www.moma-design.it\/wp-content\/uploads\/2023\/09\/Le-vasche-firmate-MOMA-Design-al-Mosbuild-2023-300x200.jpg 300w, https:\/\/www.moma-design.it\/wp-content\/uploads\/2023\/09\/Le-vasche-firmate-MOMA-Design-al-Mosbuild-2023-600x400.jpg 600w\" sizes=\"(max-width: 700px) 100vw, 700px\" \/><\/figure>\n\n\n\n<figure class=\"wp-block-image size-full\"><img loading=\"lazy\" decoding=\"async\" width=\"700\" height=\"467\" data-id=\"36867\" src=\"https:\/\/www.moma-design.it\/wp-content\/uploads\/2023\/09\/Le-vasche-di-MOMA-Design-al-Mosbuild-2023.jpg\" alt=\"\" class=\"wp-image-36867\" srcset=\"https:\/\/www.moma-design.it\/wp-content\/uploads\/2023\/09\/Le-vasche-di-MOMA-Design-al-Mosbuild-2023.jpg 700w, https:\/\/www.moma-design.it\/wp-content\/uploads\/2023\/09\/Le-vasche-di-MOMA-Design-al-Mosbuild-2023-400x267.jpg 400w, https:\/\/www.moma-design.it\/wp-content\/uploads\/2023\/09\/Le-vasche-di-MOMA-Design-al-Mosbuild-2023-300x200.jpg 300w, https:\/\/www.moma-design.it\/wp-content\/uploads\/2023\/09\/Le-vasche-di-MOMA-Design-al-Mosbuild-2023-600x400.jpg 600w\" sizes=\"(max-width: 700px) 100vw, 700px\" \/><\/figure>\n\n\n\n<figure class=\"wp-block-image size-full\"><img loading=\"lazy\" decoding=\"async\" width=\"700\" height=\"467\" data-id=\"36880\" src=\"https:\/\/www.moma-design.it\/wp-content\/uploads\/2023\/09\/Vasche-di-Moma-Design-al-Mosbuild-2023.jpg\" alt=\"\" class=\"wp-image-36880\" srcset=\"https:\/\/www.moma-design.it\/wp-content\/uploads\/2023\/09\/Vasche-di-Moma-Design-al-Mosbuild-2023.jpg 700w, https:\/\/www.moma-design.it\/wp-content\/uploads\/2023\/09\/Vasche-di-Moma-Design-al-Mosbuild-2023-400x267.jpg 400w, https:\/\/www.moma-design.it\/wp-content\/uploads\/2023\/09\/Vasche-di-Moma-Design-al-Mosbuild-2023-300x200.jpg 300w, https:\/\/www.moma-design.it\/wp-content\/uploads\/2023\/09\/Vasche-di-Moma-Design-al-Mosbuild-2023-600x400.jpg 600w\" sizes=\"(max-width: 700px) 100vw, 700px\" \/><\/figure>\n\n\n\n<figure class=\"wp-block-image size-full\"><img loading=\"lazy\" decoding=\"async\" width=\"700\" height=\"467\" data-id=\"36870\" src=\"https:\/\/www.moma-design.it\/wp-content\/uploads\/2023\/09\/Arredo-MOMA-Design-al-Mosbuild-2023.jpg\" alt=\"\" class=\"wp-image-36870\" srcset=\"https:\/\/www.moma-design.it\/wp-content\/uploads\/2023\/09\/Arredo-MOMA-Design-al-Mosbuild-2023.jpg 700w, https:\/\/www.moma-design.it\/wp-content\/uploads\/2023\/09\/Arredo-MOMA-Design-al-Mosbuild-2023-400x267.jpg 400w, https:\/\/www.moma-design.it\/wp-content\/uploads\/2023\/09\/Arredo-MOMA-Design-al-Mosbuild-2023-300x200.jpg 300w, https:\/\/www.moma-design.it\/wp-content\/uploads\/2023\/09\/Arredo-MOMA-Design-al-Mosbuild-2023-600x400.jpg 600w\" sizes=\"(max-width: 700px) 100vw, 700px\" \/><\/figure>\n<\/figure>\n\n<div style=\"height:100px\" aria-hidden=\"true\" class=\"wp-block-spacer\"><\/div>\n\n<h3 class=\"wp-block-heading\">D\u00e9couvrez les produits MOMA Design \u00e0 Mosbuild 2023<\/h3>\n\n<div style=\"height:50px\" aria-hidden=\"true\" class=\"wp-block-spacer\"><\/div>\n<div data-block-name=\"woocommerce\/handpicked-products\" data-columns=\"4\" data-content-visibility=\"{&quot;image&quot;:true,&quot;title&quot;:true,&quot;price&quot;:false,&quot;rating&quot;:false,&quot;button&quot;:false}\" data-products=\"[34998,35618,35568,35237,34668,35709,35725,34978]\" class=\"wc-block-grid wp-block-handpicked-products wp-block-woocommerce-handpicked-products wc-block-handpicked-products has-4-columns has-multiple-rows\"><ul class=\"wc-block-grid__products\"><li class=\"wc-block-grid__product\">\n\t\t\t\t<a href=\"https:\/\/www.moma-design.it\/fr\/produit\/elegance-glass-wood\/\" class=\"wc-block-grid__product-link\">\n\t\t\t\t\t\n\t\t\t\t\t<div class=\"wc-block-grid__product-image\"><img loading=\"lazy\" decoding=\"async\" width=\"300\" height=\"400\" src=\"https:\/\/www.moma-design.it\/wp-content\/uploads\/2023\/06\/copertina3mobile-eleganceglasswood-mobile-sospeso-o-in-appoggio-senza-spalle.jpg.jpg-300x400.jpg\" class=\"attachment-woocommerce_thumbnail size-woocommerce_thumbnail\" alt=\"MOMA Design Meuble \u00e0 poser mod\u00e8le Elegance verre+bois avec plan vasque en Corian et tiroirs en verre fum\u00e9 et bois\" srcset=\"https:\/\/www.moma-design.it\/wp-content\/uploads\/2023\/06\/copertina3mobile-eleganceglasswood-mobile-sospeso-o-in-appoggio-senza-spalle.jpg.jpg-300x400.jpg 300w, https:\/\/www.moma-design.it\/wp-content\/uploads\/2023\/06\/copertina3mobile-eleganceglasswood-mobile-sospeso-o-in-appoggio-senza-spalle.jpg.jpg.jpg 450w\" sizes=\"(max-width: 300px) 100vw, 300px\" \/><\/div>\n\t\t\t\t\t<div class=\"wc-block-grid__product-title\">Elegance Glass &amp; Glass+Wood<\/div>\n\t\t\t\t<\/a>\n\t\t\t\t\n\t\t\t\t\n\t\t\t\t\n\t\t\t<\/li><li class=\"wc-block-grid__product\">\n\t\t\t\t<a href=\"https:\/\/www.moma-design.it\/fr\/produit\/plan-vasque-capri\/\" class=\"wc-block-grid__product-link\">\n\t\t\t\t\t\n\t\t\t\t\t<div class=\"wc-block-grid__product-image\"><img loading=\"lazy\" decoding=\"async\" width=\"300\" height=\"400\" src=\"https:\/\/www.moma-design.it\/wp-content\/uploads\/2023\/05\/copertinamobile-capri-piano-con-lavabo-integrato-a-piano-inclinato-in-white-stonage-1-300x400.jpg\" class=\"attachment-woocommerce_thumbnail size-woocommerce_thumbnail\" alt=\"detail Capri Module plan vasque en pierre, sur meuble Emotion avec tiroirs ouverts\" srcset=\"https:\/\/www.moma-design.it\/wp-content\/uploads\/2023\/05\/copertinamobile-capri-piano-con-lavabo-integrato-a-piano-inclinato-in-white-stonage-1-300x400.jpg 300w, https:\/\/www.moma-design.it\/wp-content\/uploads\/2023\/05\/copertinamobile-capri-piano-con-lavabo-integrato-a-piano-inclinato-in-white-stonage-1.jpg 450w\" sizes=\"(max-width: 300px) 100vw, 300px\" \/><\/div>\n\t\t\t\t\t<div class=\"wc-block-grid__product-title\">Capri<\/div>\n\t\t\t\t<\/a>\n\t\t\t\t\n\t\t\t\t\n\t\t\t\t\n\t\t\t<\/li><li class=\"wc-block-grid__product\">\n\t\t\t\t<a href=\"https:\/\/www.moma-design.it\/fr\/produit\/pomme-de-douche-meteora\/\" class=\"wc-block-grid__product-link\">\n\t\t\t\t\t\n\t\t\t\t\t<div class=\"wc-block-grid__product-image\"><img loading=\"lazy\" decoding=\"async\" width=\"300\" height=\"400\" src=\"https:\/\/www.moma-design.it\/wp-content\/uploads\/2023\/05\/copertinamobile-meteora-soffione-modulare-a-soffitto-in-corian-glacier-white-300x400.jpg\" class=\"attachment-woocommerce_thumbnail size-woocommerce_thumbnail\" alt=\"tete de douche Meteora mod\u00e8le lit \u00e0 cinq p\u00e9tales\" srcset=\"https:\/\/www.moma-design.it\/wp-content\/uploads\/2023\/05\/copertinamobile-meteora-soffione-modulare-a-soffitto-in-corian-glacier-white-300x400.jpg 300w, https:\/\/www.moma-design.it\/wp-content\/uploads\/2023\/05\/copertinamobile-meteora-soffione-modulare-a-soffitto-in-corian-glacier-white.jpg 450w\" sizes=\"(max-width: 300px) 100vw, 300px\" \/><\/div>\n\t\t\t\t\t<div class=\"wc-block-grid__product-title\">Meteora<\/div>\n\t\t\t\t<\/a>\n\t\t\t\t\n\t\t\t\t\n\t\t\t\t\n\t\t\t<\/li><li class=\"wc-block-grid__product\">\n\t\t\t\t<a href=\"https:\/\/www.moma-design.it\/fr\/produit\/sanitaires-tondo\/\" class=\"wc-block-grid__product-link\">\n\t\t\t\t\t\n\t\t\t\t\t<div class=\"wc-block-grid__product-image\"><img loading=\"lazy\" decoding=\"async\" width=\"300\" height=\"400\" src=\"https:\/\/www.moma-design.it\/wp-content\/uploads\/2023\/05\/copertinamobile-btondo-bidet-sospeso-con-fissaggio-a-scomparsa-in-ceramica-opaca-1-300x400.jpg\" class=\"attachment-woocommerce_thumbnail size-woocommerce_thumbnail\" alt=\"MOMA design sanitaire mod\u00e8le Tondo en c\u00e9ramique satin\u00e9e mate\" srcset=\"https:\/\/www.moma-design.it\/wp-content\/uploads\/2023\/05\/copertinamobile-btondo-bidet-sospeso-con-fissaggio-a-scomparsa-in-ceramica-opaca-1-300x400.jpg 300w, https:\/\/www.moma-design.it\/wp-content\/uploads\/2023\/05\/copertinamobile-btondo-bidet-sospeso-con-fissaggio-a-scomparsa-in-ceramica-opaca-1.jpg 450w\" sizes=\"(max-width: 300px) 100vw, 300px\" \/><\/div>\n\t\t\t\t\t<div class=\"wc-block-grid__product-title\">Sanitaires Tondo<\/div>\n\t\t\t\t<\/a>\n\t\t\t\t\n\t\t\t\t\n\t\t\t\t\n\t\t\t<\/li><li class=\"wc-block-grid__product\">\n\t\t\t\t<a href=\"https:\/\/www.moma-design.it\/fr\/produit\/tower-keplero\/\" class=\"wc-block-grid__product-link\">\n\t\t\t\t\t\n\t\t\t\t\t<div class=\"wc-block-grid__product-image\"><img loading=\"lazy\" decoding=\"async\" width=\"300\" height=\"400\" src=\"https:\/\/www.moma-design.it\/wp-content\/uploads\/2023\/05\/anteprima-tower-keplero2-lavabo-freestanding-in-white-stonage-300x400.jpg\" class=\"attachment-woocommerce_thumbnail size-woocommerce_thumbnail\" alt=\"MOMA Design lavabo \u00e0 poser mod\u00e8le Tower Keplero 2, avec vasque en pierre, robinetterie ext\u00e9rieure et base rev\u00eatue en gr\u00e8s blanc finition statuaire, avec miroir de fond mod\u00e8le Mirr Forum et barre en aluminium Line\" srcset=\"https:\/\/www.moma-design.it\/wp-content\/uploads\/2023\/05\/anteprima-tower-keplero2-lavabo-freestanding-in-white-stonage-300x400.jpg 300w, https:\/\/www.moma-design.it\/wp-content\/uploads\/2023\/05\/anteprima-tower-keplero2-lavabo-freestanding-in-white-stonage.jpg 450w\" sizes=\"(max-width: 300px) 100vw, 300px\" \/><\/div>\n\t\t\t\t\t<div class=\"wc-block-grid__product-title\">Tower Keplero<\/div>\n\t\t\t\t<\/a>\n\t\t\t\t\n\t\t\t\t\n\t\t\t\t\n\t\t\t<\/li><li class=\"wc-block-grid__product\">\n\t\t\t\t<a href=\"https:\/\/www.moma-design.it\/fr\/produit\/ruby-infinity\/\" class=\"wc-block-grid__product-link\">\n\t\t\t\t\t\n\t\t\t\t\t<div class=\"wc-block-grid__product-image\"><img loading=\"lazy\" decoding=\"async\" width=\"300\" height=\"400\" src=\"https:\/\/www.moma-design.it\/wp-content\/uploads\/2023\/04\/anteprima-ruby-infinity-vasca-freestanding-in-white-stonage-300x400.jpg\" class=\"attachment-woocommerce_thumbnail size-woocommerce_thumbnail\" alt=\"baignoire autoportante en White Stonage sans trop-plein mod\u00e8le Ruby Infinity par MOMA Design sur plateforme en marbre\" srcset=\"https:\/\/www.moma-design.it\/wp-content\/uploads\/2023\/04\/anteprima-ruby-infinity-vasca-freestanding-in-white-stonage-300x400.jpg 300w, https:\/\/www.moma-design.it\/wp-content\/uploads\/2023\/04\/anteprima-ruby-infinity-vasca-freestanding-in-white-stonage.jpg 450w\" sizes=\"(max-width: 300px) 100vw, 300px\" \/><\/div>\n\t\t\t\t\t<div class=\"wc-block-grid__product-title\">Ruby Infinity<\/div>\n\t\t\t\t<\/a>\n\t\t\t\t\n\t\t\t\t\n\t\t\t\t\n\t\t\t<\/li><li class=\"wc-block-grid__product\">\n\t\t\t\t<a href=\"https:\/\/www.moma-design.it\/fr\/produit\/accessorie-caddy\/\" class=\"wc-block-grid__product-link\">\n\t\t\t\t\t\n\t\t\t\t\t<div class=\"wc-block-grid__product-image\"><img loading=\"lazy\" decoding=\"async\" width=\"300\" height=\"400\" src=\"https:\/\/www.moma-design.it\/wp-content\/uploads\/2023\/03\/MOMA-DESIGN_ACCESSORI_CADDY_DUE-DIVISORI-300x400.jpg\" class=\"attachment-woocommerce_thumbnail size-woocommerce_thumbnail\" alt=\"MOMA Design Accessoire de bain mod\u00e8le Caddy 1\" srcset=\"https:\/\/www.moma-design.it\/wp-content\/uploads\/2023\/03\/MOMA-DESIGN_ACCESSORI_CADDY_DUE-DIVISORI-300x400.jpg 300w, https:\/\/www.moma-design.it\/wp-content\/uploads\/2023\/03\/MOMA-DESIGN_ACCESSORI_CADDY_DUE-DIVISORI-338x450.jpg 338w, https:\/\/www.moma-design.it\/wp-content\/uploads\/2023\/03\/MOMA-DESIGN_ACCESSORI_CADDY_DUE-DIVISORI.jpg 450w\" sizes=\"(max-width: 300px) 100vw, 300px\" \/><\/div>\n\t\t\t\t\t<div class=\"wc-block-grid__product-title\">Caddy<\/div>\n\t\t\t\t<\/a>\n\t\t\t\t\n\t\t\t\t\n\t\t\t\t\n\t\t\t<\/li><li class=\"wc-block-grid__product\">\n\t\t\t\t<a href=\"https:\/\/www.moma-design.it\/fr\/produit\/chaise-longue-rive-gauche\/\" class=\"wc-block-grid__product-link\">\n\t\t\t\t\t\n\t\t\t\t\t<div class=\"wc-block-grid__product-image\"><img loading=\"lazy\" decoding=\"async\" width=\"300\" height=\"400\" src=\"https:\/\/www.moma-design.it\/wp-content\/uploads\/2023\/01\/Vasca-chaise-longue-rive-gauche-in-White-Stonage-di-Moma-Design-300x400.jpg\" class=\"attachment-woocommerce_thumbnail size-woocommerce_thumbnail\" alt=\"Baignoire chaise longue rive gauche en White Stonage par MOMA Design\" srcset=\"https:\/\/www.moma-design.it\/wp-content\/uploads\/2023\/01\/Vasca-chaise-longue-rive-gauche-in-White-Stonage-di-Moma-Design-300x400.jpg 300w, https:\/\/www.moma-design.it\/wp-content\/uploads\/2023\/01\/Vasca-chaise-longue-rive-gauche-in-White-Stonage-di-Moma-Design-225x300.jpg 225w, https:\/\/www.moma-design.it\/wp-content\/uploads\/2023\/01\/Vasca-chaise-longue-rive-gauche-in-White-Stonage-di-Moma-Design.jpg 450w\" sizes=\"(max-width: 300px) 100vw, 300px\" \/><\/div>\n\t\t\t\t\t<div class=\"wc-block-grid__product-title\">Chaise Longue Rive Gauche<\/div>\n\t\t\t\t<\/a>\n\t\t\t\t\n\t\t\t\t\n\t\t\t\t\n\t\t\t<\/li><\/ul><\/div>","protected":false},"excerpt":{"rendered":"<p>Notre partenaire AM GROUP a re-pr\u00e9sent\u00e9 la marque MOMA Design \u00e0 MOSBUILD 2023, suite \u00e0 son succ\u00e8s lors de l&rsquo;\u00e9dition 2022.<\/p>\n","protected":false},"author":1,"featured_media":36894,"comment_status":"open","ping_status":"open","sticky":false,"template":"","format":"standard","meta":{"site-sidebar-layout":"default","site-content-layout":"","ast-site-content-layout":"default","site-content-style":"default","site-sidebar-style":"default","ast-global-header-display":"","ast-banner-title-visibility":"","ast-main-header-display":"","ast-hfb-above-header-display":"","ast-hfb-below-header-display":"","ast-hfb-mobile-header-display":"","site-post-title":"","ast-breadcrumbs-content":"","ast-featured-img":"","footer-sml-layout":"","ast-disable-related-posts":"","theme-transparent-header-meta":"","adv-header-id-meta":"","stick-header-meta":"","header-above-stick-meta":"","header-main-stick-meta":"","header-below-stick-meta":"","astra-migrate-meta-layouts":"default","ast-page-background-enabled":"default","ast-page-background-meta":{"desktop":{"background-color":"var(--ast-global-color-4)","background-image":"","background-repeat":"repeat","background-position":"center center","background-size":"auto","background-attachment":"scroll","background-type":"","background-media":"","overlay-type":"","overlay-color":"","overlay-opacity":"","overlay-gradient":""},"tablet":{"background-color":"","background-image":"","background-repeat":"repeat","background-position":"center center","background-size":"auto","background-attachment":"scroll","background-type":"","background-media":"","overlay-type":"","overlay-color":"","overlay-opacity":"","overlay-gradient":""},"mobile":{"background-color":"","background-image":"","background-repeat":"repeat","background-position":"center center","background-size":"auto","background-attachment":"scroll","background-type":"","background-media":"","overlay-type":"","overlay-color":"","overlay-opacity":"","overlay-gradient":""}},"ast-content-background-meta":{"desktop":{"background-color":"var(--ast-global-color-5)","background-image":"","background-repeat":"repeat","background-position":"center center","background-size":"auto","background-attachment":"scroll","background-type":"","background-media":"","overlay-type":"","overlay-color":"","overlay-opacity":"","overlay-gradient":""},"tablet":{"background-color":"var(--ast-global-color-5)","background-image":"","background-repeat":"repeat","background-position":"center center","background-size":"auto","background-attachment":"scroll","background-type":"","background-media":"","overlay-type":"","overlay-color":"","overlay-opacity":"","overlay-gradient":""},"mobile":{"background-color":"var(--ast-global-color-5)","background-image":"","background-repeat":"repeat","background-position":"center center","background-size":"auto","background-attachment":"scroll","background-type":"","background-media":"","overlay-type":"","overlay-color":"","overlay-opacity":"","overlay-gradient":""}},"footnotes":""},"categories":[222],"tags":[],"realizzazione_categoria":[],"class_list":["post-37023","post","type-post","status-publish","format-standard","has-post-thumbnail","hentry","category-news-fr"],"yoast_head":"<!-- This site is optimized with the Yoast SEO plugin v26.8 - https:\/\/yoast.com\/product\/yoast-seo-wordpress\/ -->\n<title>Mosbuild 2023 | MOMA Design<\/title>\n<meta name=\"description\" content=\"MOMA Design a \u00e9t\u00e9 d\u00e9voil\u00e9 \u00e0 MOSBUILD 2023, le plus important salon de la zone russophone d\u00e9di\u00e9 au B\u00e2timent et \u00e0 l&#039;Ameublement, qui s&#039;est tenu \u00e0 Moscou du 28 au 31 mars 2023.\" \/>\n<meta name=\"robots\" content=\"index, follow, max-snippet:-1, max-image-preview:large, max-video-preview:-1\" \/>\n<link rel=\"canonical\" href=\"https:\/\/www.moma-design.it\/fr\/moma-design-au-salon-mosbuild-2023\/\" \/>\n<meta property=\"og:locale\" content=\"fr_FR\" \/>\n<meta property=\"og:type\" content=\"article\" \/>\n<meta property=\"og:title\" content=\"Mosbuild 2023 | MOMA Design\" \/>\n<meta property=\"og:description\" content=\"MOMA Design a \u00e9t\u00e9 d\u00e9voil\u00e9 \u00e0 MOSBUILD 2023, le plus important salon de la zone russophone d\u00e9di\u00e9 au B\u00e2timent et \u00e0 l&#039;Ameublement, qui s&#039;est tenu \u00e0 Moscou du 28 au 31 mars 2023.\" \/>\n<meta property=\"og:url\" content=\"https:\/\/www.moma-design.it\/fr\/moma-design-au-salon-mosbuild-2023\/\" \/>\n<meta property=\"og:site_name\" content=\"MOMA Design\" \/>\n<meta property=\"article:published_time\" content=\"2023-04-03T13:30:53+00:00\" \/>\n<meta property=\"article:modified_time\" content=\"2023-10-09T13:24:20+00:00\" \/>\n<meta property=\"og:image\" content=\"https:\/\/www.moma-design.it\/wp-content\/uploads\/2023\/09\/Scopri-MOMA-Design-al-Mosbuild-2023.jpg\" \/>\n\t<meta property=\"og:image:width\" content=\"900\" \/>\n\t<meta property=\"og:image:height\" content=\"500\" \/>\n\t<meta property=\"og:image:type\" content=\"image\/jpeg\" \/>\n<meta name=\"author\" content=\"ideesol\" \/>\n<meta name=\"twitter:card\" content=\"summary_large_image\" \/>\n<meta name=\"twitter:label1\" content=\"\u00c9crit par\" \/>\n\t<meta name=\"twitter:data1\" content=\"ideesol\" \/>\n\t<meta name=\"twitter:label2\" content=\"Dur\u00e9e de lecture estim\u00e9e\" \/>\n\t<meta name=\"twitter:data2\" content=\"1 minute\" \/>\n<script type=\"application\/ld+json\" class=\"yoast-schema-graph\">{\"@context\":\"https:\/\/schema.org\",\"@graph\":[{\"@type\":\"Article\",\"@id\":\"https:\/\/www.moma-design.it\/fr\/moma-design-au-salon-mosbuild-2023\/#article\",\"isPartOf\":{\"@id\":\"https:\/\/www.moma-design.it\/fr\/moma-design-au-salon-mosbuild-2023\/\"},\"author\":{\"name\":\"ideesol\",\"@id\":\"https:\/\/www.moma-design.it\/#\/schema\/person\/aae6cea753f911e70abe8e6b74dbe8b7\"},\"headline\":\"MOMA design au salon Mosbuild 2023\",\"datePublished\":\"2023-04-03T13:30:53+00:00\",\"dateModified\":\"2023-10-09T13:24:20+00:00\",\"mainEntityOfPage\":{\"@id\":\"https:\/\/www.moma-design.it\/fr\/moma-design-au-salon-mosbuild-2023\/\"},\"wordCount\":168,\"commentCount\":0,\"publisher\":{\"@id\":\"https:\/\/www.moma-design.it\/#organization\"},\"image\":{\"@id\":\"https:\/\/www.moma-design.it\/fr\/moma-design-au-salon-mosbuild-2023\/#primaryimage\"},\"thumbnailUrl\":\"https:\/\/www.moma-design.it\/wp-content\/uploads\/2023\/09\/Scopri-MOMA-Design-al-Mosbuild-2023.jpg\",\"articleSection\":[\"News\"],\"inLanguage\":\"fr-FR\",\"potentialAction\":[{\"@type\":\"CommentAction\",\"name\":\"Comment\",\"target\":[\"https:\/\/www.moma-design.it\/fr\/moma-design-au-salon-mosbuild-2023\/#respond\"]}]},{\"@type\":\"WebPage\",\"@id\":\"https:\/\/www.moma-design.it\/fr\/moma-design-au-salon-mosbuild-2023\/\",\"url\":\"https:\/\/www.moma-design.it\/fr\/moma-design-au-salon-mosbuild-2023\/\",\"name\":\"Mosbuild 2023 | MOMA Design\",\"isPartOf\":{\"@id\":\"https:\/\/www.moma-design.it\/#website\"},\"primaryImageOfPage\":{\"@id\":\"https:\/\/www.moma-design.it\/fr\/moma-design-au-salon-mosbuild-2023\/#primaryimage\"},\"image\":{\"@id\":\"https:\/\/www.moma-design.it\/fr\/moma-design-au-salon-mosbuild-2023\/#primaryimage\"},\"thumbnailUrl\":\"https:\/\/www.moma-design.it\/wp-content\/uploads\/2023\/09\/Scopri-MOMA-Design-al-Mosbuild-2023.jpg\",\"datePublished\":\"2023-04-03T13:30:53+00:00\",\"dateModified\":\"2023-10-09T13:24:20+00:00\",\"description\":\"MOMA Design a \u00e9t\u00e9 d\u00e9voil\u00e9 \u00e0 MOSBUILD 2023, le plus important salon de la zone russophone d\u00e9di\u00e9 au B\u00e2timent et \u00e0 l'Ameublement, qui s'est tenu \u00e0 Moscou du 28 au 31 mars 2023.\",\"breadcrumb\":{\"@id\":\"https:\/\/www.moma-design.it\/fr\/moma-design-au-salon-mosbuild-2023\/#breadcrumb\"},\"inLanguage\":\"fr-FR\",\"potentialAction\":[{\"@type\":\"ReadAction\",\"target\":[\"https:\/\/www.moma-design.it\/fr\/moma-design-au-salon-mosbuild-2023\/\"]}]},{\"@type\":\"ImageObject\",\"inLanguage\":\"fr-FR\",\"@id\":\"https:\/\/www.moma-design.it\/fr\/moma-design-au-salon-mosbuild-2023\/#primaryimage\",\"url\":\"https:\/\/www.moma-design.it\/wp-content\/uploads\/2023\/09\/Scopri-MOMA-Design-al-Mosbuild-2023.jpg\",\"contentUrl\":\"https:\/\/www.moma-design.it\/wp-content\/uploads\/2023\/09\/Scopri-MOMA-Design-al-Mosbuild-2023.jpg\",\"width\":900,\"height\":500,\"caption\":\"Scopri MOMA Design al Mosbuild 2023\"},{\"@type\":\"BreadcrumbList\",\"@id\":\"https:\/\/www.moma-design.it\/fr\/moma-design-au-salon-mosbuild-2023\/#breadcrumb\",\"itemListElement\":[{\"@type\":\"ListItem\",\"position\":1,\"name\":\"Home\",\"item\":\"https:\/\/www.moma-design.it\/\"},{\"@type\":\"ListItem\",\"position\":2,\"name\":\"MOMA design au salon Mosbuild 2023\"}]},{\"@type\":\"WebSite\",\"@id\":\"https:\/\/www.moma-design.it\/#website\",\"url\":\"https:\/\/www.moma-design.it\/\",\"name\":\"MOMA Design\",\"description\":\"\",\"publisher\":{\"@id\":\"https:\/\/www.moma-design.it\/#organization\"},\"potentialAction\":[{\"@type\":\"SearchAction\",\"target\":{\"@type\":\"EntryPoint\",\"urlTemplate\":\"https:\/\/www.moma-design.it\/?s={search_term_string}\"},\"query-input\":{\"@type\":\"PropertyValueSpecification\",\"valueRequired\":true,\"valueName\":\"search_term_string\"}}],\"inLanguage\":\"fr-FR\"},{\"@type\":\"Organization\",\"@id\":\"https:\/\/www.moma-design.it\/#organization\",\"name\":\"MOMA Design\",\"url\":\"https:\/\/www.moma-design.it\/\",\"logo\":{\"@type\":\"ImageObject\",\"inLanguage\":\"fr-FR\",\"@id\":\"https:\/\/www.moma-design.it\/#\/schema\/logo\/image\/\",\"url\":\"https:\/\/www.moma-design.it\/wp-content\/uploads\/2023\/07\/Logotipo-bianco-Moma-Design.png\",\"contentUrl\":\"https:\/\/www.moma-design.it\/wp-content\/uploads\/2023\/07\/Logotipo-bianco-Moma-Design.png\",\"width\":250,\"height\":150,\"caption\":\"MOMA Design\"},\"image\":{\"@id\":\"https:\/\/www.moma-design.it\/#\/schema\/logo\/image\/\"}},{\"@type\":\"Person\",\"@id\":\"https:\/\/www.moma-design.it\/#\/schema\/person\/aae6cea753f911e70abe8e6b74dbe8b7\",\"name\":\"ideesol\",\"image\":{\"@type\":\"ImageObject\",\"inLanguage\":\"fr-FR\",\"@id\":\"https:\/\/www.moma-design.it\/#\/schema\/person\/image\/\",\"url\":\"https:\/\/secure.gravatar.com\/avatar\/c76bd8c666ec8fe7bb1550bb53e2af4b7780dcaed89f7a6526236c2ed1f63b95?s=96&d=mm&r=g\",\"contentUrl\":\"https:\/\/secure.gravatar.com\/avatar\/c76bd8c666ec8fe7bb1550bb53e2af4b7780dcaed89f7a6526236c2ed1f63b95?s=96&d=mm&r=g\",\"caption\":\"ideesol\"},\"sameAs\":[\"https:\/\/www.moma-design.it\"],\"url\":\"https:\/\/www.moma-design.it\/fr\/author\/ideesol\/\"}]}<\/script>\n<!-- \/ Yoast SEO plugin. -->","yoast_head_json":{"title":"Mosbuild 2023 | MOMA Design","description":"MOMA Design a \u00e9t\u00e9 d\u00e9voil\u00e9 \u00e0 MOSBUILD 2023, le plus important salon de la zone russophone d\u00e9di\u00e9 au B\u00e2timent et \u00e0 l'Ameublement, qui s'est tenu \u00e0 Moscou du 28 au 31 mars 2023.","robots":{"index":"index","follow":"follow","max-snippet":"max-snippet:-1","max-image-preview":"max-image-preview:large","max-video-preview":"max-video-preview:-1"},"canonical":"https:\/\/www.moma-design.it\/fr\/moma-design-au-salon-mosbuild-2023\/","og_locale":"fr_FR","og_type":"article","og_title":"Mosbuild 2023 | MOMA Design","og_description":"MOMA Design a \u00e9t\u00e9 d\u00e9voil\u00e9 \u00e0 MOSBUILD 2023, le plus important salon de la zone russophone d\u00e9di\u00e9 au B\u00e2timent et \u00e0 l'Ameublement, qui s'est tenu \u00e0 Moscou du 28 au 31 mars 2023.","og_url":"https:\/\/www.moma-design.it\/fr\/moma-design-au-salon-mosbuild-2023\/","og_site_name":"MOMA Design","article_published_time":"2023-04-03T13:30:53+00:00","article_modified_time":"2023-10-09T13:24:20+00:00","og_image":[{"width":900,"height":500,"url":"https:\/\/www.moma-design.it\/wp-content\/uploads\/2023\/09\/Scopri-MOMA-Design-al-Mosbuild-2023.jpg","type":"image\/jpeg"}],"author":"ideesol","twitter_card":"summary_large_image","twitter_misc":{"\u00c9crit par":"ideesol","Dur\u00e9e de lecture estim\u00e9e":"1 minute"},"schema":{"@context":"https:\/\/schema.org","@graph":[{"@type":"Article","@id":"https:\/\/www.moma-design.it\/fr\/moma-design-au-salon-mosbuild-2023\/#article","isPartOf":{"@id":"https:\/\/www.moma-design.it\/fr\/moma-design-au-salon-mosbuild-2023\/"},"author":{"name":"ideesol","@id":"https:\/\/www.moma-design.it\/#\/schema\/person\/aae6cea753f911e70abe8e6b74dbe8b7"},"headline":"MOMA design au salon Mosbuild 2023","datePublished":"2023-04-03T13:30:53+00:00","dateModified":"2023-10-09T13:24:20+00:00","mainEntityOfPage":{"@id":"https:\/\/www.moma-design.it\/fr\/moma-design-au-salon-mosbuild-2023\/"},"wordCount":168,"commentCount":0,"publisher":{"@id":"https:\/\/www.moma-design.it\/#organization"},"image":{"@id":"https:\/\/www.moma-design.it\/fr\/moma-design-au-salon-mosbuild-2023\/#primaryimage"},"thumbnailUrl":"https:\/\/www.moma-design.it\/wp-content\/uploads\/2023\/09\/Scopri-MOMA-Design-al-Mosbuild-2023.jpg","articleSection":["News"],"inLanguage":"fr-FR","potentialAction":[{"@type":"CommentAction","name":"Comment","target":["https:\/\/www.moma-design.it\/fr\/moma-design-au-salon-mosbuild-2023\/#respond"]}]},{"@type":"WebPage","@id":"https:\/\/www.moma-design.it\/fr\/moma-design-au-salon-mosbuild-2023\/","url":"https:\/\/www.moma-design.it\/fr\/moma-design-au-salon-mosbuild-2023\/","name":"Mosbuild 2023 | MOMA Design","isPartOf":{"@id":"https:\/\/www.moma-design.it\/#website"},"primaryImageOfPage":{"@id":"https:\/\/www.moma-design.it\/fr\/moma-design-au-salon-mosbuild-2023\/#primaryimage"},"image":{"@id":"https:\/\/www.moma-design.it\/fr\/moma-design-au-salon-mosbuild-2023\/#primaryimage"},"thumbnailUrl":"https:\/\/www.moma-design.it\/wp-content\/uploads\/2023\/09\/Scopri-MOMA-Design-al-Mosbuild-2023.jpg","datePublished":"2023-04-03T13:30:53+00:00","dateModified":"2023-10-09T13:24:20+00:00","description":"MOMA Design a \u00e9t\u00e9 d\u00e9voil\u00e9 \u00e0 MOSBUILD 2023, le plus important salon de la zone russophone d\u00e9di\u00e9 au B\u00e2timent et \u00e0 l'Ameublement, qui s'est tenu \u00e0 Moscou du 28 au 31 mars 2023.","breadcrumb":{"@id":"https:\/\/www.moma-design.it\/fr\/moma-design-au-salon-mosbuild-2023\/#breadcrumb"},"inLanguage":"fr-FR","potentialAction":[{"@type":"ReadAction","target":["https:\/\/www.moma-design.it\/fr\/moma-design-au-salon-mosbuild-2023\/"]}]},{"@type":"ImageObject","inLanguage":"fr-FR","@id":"https:\/\/www.moma-design.it\/fr\/moma-design-au-salon-mosbuild-2023\/#primaryimage","url":"https:\/\/www.moma-design.it\/wp-content\/uploads\/2023\/09\/Scopri-MOMA-Design-al-Mosbuild-2023.jpg","contentUrl":"https:\/\/www.moma-design.it\/wp-content\/uploads\/2023\/09\/Scopri-MOMA-Design-al-Mosbuild-2023.jpg","width":900,"height":500,"caption":"Scopri MOMA Design al Mosbuild 2023"},{"@type":"BreadcrumbList","@id":"https:\/\/www.moma-design.it\/fr\/moma-design-au-salon-mosbuild-2023\/#breadcrumb","itemListElement":[{"@type":"ListItem","position":1,"name":"Home","item":"https:\/\/www.moma-design.it\/"},{"@type":"ListItem","position":2,"name":"MOMA design au salon Mosbuild 2023"}]},{"@type":"WebSite","@id":"https:\/\/www.moma-design.it\/#website","url":"https:\/\/www.moma-design.it\/","name":"MOMA Design","description":"","publisher":{"@id":"https:\/\/www.moma-design.it\/#organization"},"potentialAction":[{"@type":"SearchAction","target":{"@type":"EntryPoint","urlTemplate":"https:\/\/www.moma-design.it\/?s={search_term_string}"},"query-input":{"@type":"PropertyValueSpecification","valueRequired":true,"valueName":"search_term_string"}}],"inLanguage":"fr-FR"},{"@type":"Organization","@id":"https:\/\/www.moma-design.it\/#organization","name":"MOMA Design","url":"https:\/\/www.moma-design.it\/","logo":{"@type":"ImageObject","inLanguage":"fr-FR","@id":"https:\/\/www.moma-design.it\/#\/schema\/logo\/image\/","url":"https:\/\/www.moma-design.it\/wp-content\/uploads\/2023\/07\/Logotipo-bianco-Moma-Design.png","contentUrl":"https:\/\/www.moma-design.it\/wp-content\/uploads\/2023\/07\/Logotipo-bianco-Moma-Design.png","width":250,"height":150,"caption":"MOMA Design"},"image":{"@id":"https:\/\/www.moma-design.it\/#\/schema\/logo\/image\/"}},{"@type":"Person","@id":"https:\/\/www.moma-design.it\/#\/schema\/person\/aae6cea753f911e70abe8e6b74dbe8b7","name":"ideesol","image":{"@type":"ImageObject","inLanguage":"fr-FR","@id":"https:\/\/www.moma-design.it\/#\/schema\/person\/image\/","url":"https:\/\/secure.gravatar.com\/avatar\/c76bd8c666ec8fe7bb1550bb53e2af4b7780dcaed89f7a6526236c2ed1f63b95?s=96&d=mm&r=g","contentUrl":"https:\/\/secure.gravatar.com\/avatar\/c76bd8c666ec8fe7bb1550bb53e2af4b7780dcaed89f7a6526236c2ed1f63b95?s=96&d=mm&r=g","caption":"ideesol"},"sameAs":["https:\/\/www.moma-design.it"],"url":"https:\/\/www.moma-design.it\/fr\/author\/ideesol\/"}]}},"_links":{"self":[{"href":"https:\/\/www.moma-design.it\/fr\/wp-json\/wp\/v2\/posts\/37023","targetHints":{"allow":["GET"]}}],"collection":[{"href":"https:\/\/www.moma-design.it\/fr\/wp-json\/wp\/v2\/posts"}],"about":[{"href":"https:\/\/www.moma-design.it\/fr\/wp-json\/wp\/v2\/types\/post"}],"author":[{"embeddable":true,"href":"https:\/\/www.moma-design.it\/fr\/wp-json\/wp\/v2\/users\/1"}],"replies":[{"embeddable":true,"href":"https:\/\/www.moma-design.it\/fr\/wp-json\/wp\/v2\/comments?post=37023"}],"version-history":[{"count":0,"href":"https:\/\/www.moma-design.it\/fr\/wp-json\/wp\/v2\/posts\/37023\/revisions"}],"wp:featuredmedia":[{"embeddable":true,"href":"https:\/\/www.moma-design.it\/fr\/wp-json\/wp\/v2\/media\/36894"}],"wp:attachment":[{"href":"https:\/\/www.moma-design.it\/fr\/wp-json\/wp\/v2\/media?parent=37023"}],"wp:term":[{"taxonomy":"category","embeddable":true,"href":"https:\/\/www.moma-design.it\/fr\/wp-json\/wp\/v2\/categories?post=37023"},{"taxonomy":"post_tag","embeddable":true,"href":"https:\/\/www.moma-design.it\/fr\/wp-json\/wp\/v2\/tags?post=37023"},{"taxonomy":"realizzazione_categoria","embeddable":true,"href":"https:\/\/www.moma-design.it\/fr\/wp-json\/wp\/v2\/realizzazione_categoria?post=37023"}],"curies":[{"name":"wp","href":"https:\/\/api.w.org\/{rel}","templated":true}]}}