{"id":45749,"date":"2025-07-28T11:50:58","date_gmt":"2025-07-28T09:50:58","guid":{"rendered":"https:\/\/www.moma-design.it\/?p=45749"},"modified":"2025-07-28T11:55:53","modified_gmt":"2025-07-28T09:55:53","slug":"sommerliche-badezimmermoebel-ideen-und-trends-fuer-ein-cooles-und-komfortables-badezimmer","status":"publish","type":"post","link":"https:\/\/www.moma-design.it\/de\/sommerliche-badezimmermoebel-ideen-und-trends-fuer-ein-cooles-und-komfortables-badezimmer\/","title":{"rendered":"Sommerliche Badezimmerm\u00f6bel: Ideen und Trends f\u00fcr ein cooles und komfortables Badezimmer"},"content":{"rendered":"\n<p>Die Ankunft des Sommers kann ein guter Zeitpunkt sein, um die R\u00e4ume in der Wohnung zu erneuern, und somit auch das Badezimmer. Sommerliche Badezimmerm\u00f6bel sind ein wachsender Trend, da sie die M\u00f6glichkeit bieten, diese Umgebung in eine Oase der Frische und Entspannung zu verwandeln.<\/p>\n\n\n\n<p>W\u00e4hrend die Hitze vor zu viel Maurerarbeit abschreckt, findet die Inneneinrichtung auch im Sommer ein sch\u00f6nes Pl\u00e4tzchen.<\/p>\n\n\n\n<p>In diesem Artikel geben wir Ihnen Ideen, Tipps und Trends f\u00fcr eine sommerliche Einrichtung des Badezimmers, die eine leichte, helle und erholsame Atmosph\u00e4re schafft.<\/p>\n\n\n\n<h2 class=\"wp-block-heading\"><strong>Warum das Badezimmer im Sommer renovieren?<\/strong><\/h2>\n\n\n\n<p>Der Sommer bringt mit sich helle Farben, nat\u00fcrliche Materialien und den Wunsch nach luftigen R\u00e4umen.<\/p>\n\n\n\n<p>Ein sommerlich eingerichtetes Badezimmer wertet nicht nur die \u00c4sthetik der Wohnung auf, sondern sorgt auch f\u00fcr ein angenehmes Gef\u00fchl des t\u00e4glichen Wohlbefindens.<\/p>\n\n\n\n<p>Die Renovierung des Badezimmers in der warmen Jahreszeit bietet au\u00dferdem die M\u00f6glichkeit, das nat\u00fcrliche Licht optimal zu nutzen und Stoffe und Materialien zu w\u00e4hlen, die dem Klima angepasst sind.<\/p>\n\n\n\n<h2 class=\"wp-block-heading\"><strong>Sommerfarben f\u00fcr das Badezimmer: k\u00fchle und entspannende Farbt\u00f6ne<\/strong><\/h2>\n\n\n\n<p>Einer der wichtigsten Aspekte bei der Gestaltung von sommerlichem Badezimmer ist die Wahl der Farbpalette. Die besten Farben f\u00fcr diese Jahreszeit sind:<\/p>\n\n\n\n<ul class=\"wp-block-list\">\n<li>Wei\u00df und neutrale T\u00f6ne, um die Helligkeit zu verst\u00e4rken und ein Gef\u00fchl von Sauberkeit zu vermitteln.<\/li>\n\n\n\n<li>Hellblau und T\u00fcrkis, die an das Meer erinnern und Frische vermitteln.<\/li>\n\n\n\n<li>Mintgr\u00fcn und Salbei, die einen nat\u00fcrlichen und entspannenden Touch vermitteln.<\/li>\n\n\n\n<li>Pastellgelb, das Energie verleiht, ohne zu aufdringlich zu sein.<\/li>\n\n\n\n<li>Leuchtende Farben und, warum nicht, Majolika- oder \u201esizilianische\u201c Eins\u00e4tze.<\/li>\n<\/ul>\n\n\n\n<p>Um einen noch sommerlicheren Effekt zu erzielen, k\u00f6nnen Sie diese Farben mit hellen Holzdetails kombinieren.<\/p>\n\n\n\n<div class=\"wp-block-columns alignwide is-layout-flex wp-container-core-columns-is-layout-28f84493 wp-block-columns-is-layout-flex\">\n<div class=\"wp-block-column is-layout-flow wp-block-column-is-layout-flow\">\n<figure class=\"wp-block-image aligncenter size-full\"><img fetchpriority=\"high\" decoding=\"async\" width=\"450\" height=\"450\" src=\"https:\/\/www.moma-design.it\/wp-content\/uploads\/2025\/07\/450X450-ECLIPSE.jpg\" alt=\"mobel eclipse lackiert\" class=\"wp-image-45734\" srcset=\"https:\/\/www.moma-design.it\/wp-content\/uploads\/2025\/07\/450X450-ECLIPSE.jpg 450w, https:\/\/www.moma-design.it\/wp-content\/uploads\/2025\/07\/450X450-ECLIPSE-400x400.jpg 400w, https:\/\/www.moma-design.it\/wp-content\/uploads\/2025\/07\/450X450-ECLIPSE-150x150.jpg 150w, https:\/\/www.moma-design.it\/wp-content\/uploads\/2025\/07\/450X450-ECLIPSE-300x300.jpg 300w, https:\/\/www.moma-design.it\/wp-content\/uploads\/2025\/07\/450X450-ECLIPSE-100x100.jpg 100w\" sizes=\"(max-width: 450px) 100vw, 450px\" \/><\/figure>\n<\/div>\n\n\n\n<div class=\"wp-block-column is-layout-flow wp-block-column-is-layout-flow\">\n<figure class=\"wp-block-image aligncenter size-full\"><img decoding=\"async\" width=\"450\" height=\"450\" src=\"https:\/\/www.moma-design.it\/wp-content\/uploads\/2025\/07\/450X450-TOWER.jpg\" alt=\"tower lamp  Weidenkorb\" class=\"wp-image-45710\" srcset=\"https:\/\/www.moma-design.it\/wp-content\/uploads\/2025\/07\/450X450-TOWER.jpg 450w, https:\/\/www.moma-design.it\/wp-content\/uploads\/2025\/07\/450X450-TOWER-400x400.jpg 400w, https:\/\/www.moma-design.it\/wp-content\/uploads\/2025\/07\/450X450-TOWER-150x150.jpg 150w, https:\/\/www.moma-design.it\/wp-content\/uploads\/2025\/07\/450X450-TOWER-300x300.jpg 300w, https:\/\/www.moma-design.it\/wp-content\/uploads\/2025\/07\/450X450-TOWER-100x100.jpg 100w\" sizes=\"(max-width: 450px) 100vw, 450px\" \/><\/figure>\n<\/div>\n\n\n\n<div class=\"wp-block-column is-layout-flow wp-block-column-is-layout-flow\">\n<figure class=\"wp-block-image aligncenter size-full\"><img decoding=\"async\" width=\"450\" height=\"450\" src=\"https:\/\/www.moma-design.it\/wp-content\/uploads\/2025\/07\/450X450-MAIOLICHE.jpg\" alt=\"elite badewanne mit majolika\" class=\"wp-image-45738\" srcset=\"https:\/\/www.moma-design.it\/wp-content\/uploads\/2025\/07\/450X450-MAIOLICHE.jpg 450w, https:\/\/www.moma-design.it\/wp-content\/uploads\/2025\/07\/450X450-MAIOLICHE-400x400.jpg 400w, https:\/\/www.moma-design.it\/wp-content\/uploads\/2025\/07\/450X450-MAIOLICHE-150x150.jpg 150w, https:\/\/www.moma-design.it\/wp-content\/uploads\/2025\/07\/450X450-MAIOLICHE-300x300.jpg 300w, https:\/\/www.moma-design.it\/wp-content\/uploads\/2025\/07\/450X450-MAIOLICHE-100x100.jpg 100w\" sizes=\"(max-width: 450px) 100vw, 450px\" \/><\/figure>\n<\/div>\n<\/div>\n\n\n\n<h2 class=\"wp-block-heading\"><strong>Nat\u00fcrliche Materialien: der Trend des Sommers<\/strong><\/h2>\n\n\n\n<p>Nat\u00fcrliche Materialien sind die Protagonisten f\u00fcr sommerliche Badezimmerm\u00f6bel 2025. Zu den beliebtesten geh\u00f6ren:<\/p>\n\n\n\n<ul class=\"wp-block-list\">\n<li>Helles Holz, wie die nat\u00fcrliche Eiche, die in den Kollektionen von MOMA Design verwendet wird, in M\u00f6beln, aber auch in Spiegeln, wie unser <a href=\"https:\/\/www.moma-design.it\/de\/produkt\/mirr-forum-wood\/\" target=\"_blank\">MIRR FORUM WOOD<\/a>.<\/li>\n\n\n\n<li>Naturfasern wie Rattan und Leinen f\u00fcr Badtextilien, vielleicht mit tropischen oder maritimen Motiven.<\/li>\n\n\n\n<li>Keramik in hellen, gedeckten T\u00f6nen, nicht nur f\u00fcr Wand- und Bodenbel\u00e4ge, sondern auch f\u00fcr markante Waschtischplatten, wie <a href=\"https:\/\/www.moma-design.it\/de\/produkt-kategorie\/badezimmer-tops\/\" target=\"_blank\">CAPRI<\/a> von <strong>MOMA Design<\/strong>, oder f\u00fcr M\u00f6bel, wie unser Feinsteinzeug <a href=\"https:\/\/www.moma-design.it\/de\/produkt\/victoria\/\" target=\"_blank\">VICTORIA<\/a>.<\/li>\n\n\n\n<li>Accessoires aus Naturstein, wie Waschbecken und Abdeckungen, aber auch die Strukturen der M\u00f6bel selbst, wie bei der Kollektion <a href=\"https:\/\/www.moma-design.it\/de\/produkt-kategorie\/badmobel\/badmobel-kollektion-excellent\/\" target=\"_blank\">EXCELLENT<\/a> von <strong>MOMA Design<\/strong>.<\/li>\n<\/ul>\n\n\n\n<p>Diese Materialien sind nicht nur nachhaltig, sondern tragen auch dazu bei, eine entspannende Umgebung im Einklang mit der Natur zu schaffen.<\/p>\n\n\n\n<div class=\"wp-block-columns alignwide is-layout-flex wp-container-core-columns-is-layout-28f84493 wp-block-columns-is-layout-flex\">\n<div class=\"wp-block-column is-layout-flow wp-block-column-is-layout-flow\">\n<figure class=\"wp-block-image aligncenter size-full\"><img loading=\"lazy\" decoding=\"async\" width=\"450\" height=\"450\" src=\"https:\/\/www.moma-design.it\/wp-content\/uploads\/2025\/06\/DSC01373-450x450-1.jpg\" alt=\"franciacorta mirr forum wood sable\" class=\"wp-image-45152\" srcset=\"https:\/\/www.moma-design.it\/wp-content\/uploads\/2025\/06\/DSC01373-450x450-1.jpg 450w, https:\/\/www.moma-design.it\/wp-content\/uploads\/2025\/06\/DSC01373-450x450-1-400x400.jpg 400w, https:\/\/www.moma-design.it\/wp-content\/uploads\/2025\/06\/DSC01373-450x450-1-150x150.jpg 150w, https:\/\/www.moma-design.it\/wp-content\/uploads\/2025\/06\/DSC01373-450x450-1-300x300.jpg 300w, https:\/\/www.moma-design.it\/wp-content\/uploads\/2025\/06\/DSC01373-450x450-1-100x100.jpg 100w\" sizes=\"(max-width: 450px) 100vw, 450px\" \/><\/figure>\n<\/div>\n\n\n\n<div class=\"wp-block-column is-layout-flow wp-block-column-is-layout-flow\">\n<figure class=\"wp-block-image aligncenter size-full\"><img loading=\"lazy\" decoding=\"async\" width=\"450\" height=\"450\" src=\"https:\/\/www.moma-design.it\/wp-content\/uploads\/2025\/07\/450X450-CAPRI.jpg\" alt=\"waschbecken capri steinzeug\" class=\"wp-image-45726\" srcset=\"https:\/\/www.moma-design.it\/wp-content\/uploads\/2025\/07\/450X450-CAPRI.jpg 450w, https:\/\/www.moma-design.it\/wp-content\/uploads\/2025\/07\/450X450-CAPRI-400x400.jpg 400w, https:\/\/www.moma-design.it\/wp-content\/uploads\/2025\/07\/450X450-CAPRI-150x150.jpg 150w, https:\/\/www.moma-design.it\/wp-content\/uploads\/2025\/07\/450X450-CAPRI-300x300.jpg 300w, https:\/\/www.moma-design.it\/wp-content\/uploads\/2025\/07\/450X450-CAPRI-100x100.jpg 100w\" sizes=\"(max-width: 450px) 100vw, 450px\" \/><\/figure>\n<\/div>\n\n\n\n<div class=\"wp-block-column is-layout-flow wp-block-column-is-layout-flow\">\n<figure class=\"wp-block-image aligncenter size-full\"><img loading=\"lazy\" decoding=\"async\" width=\"450\" height=\"450\" src=\"https:\/\/www.moma-design.it\/wp-content\/uploads\/2025\/07\/450X450-VICTORIA.jpg\" alt=\"ruby mit mobel victoria\" class=\"wp-image-45714\" srcset=\"https:\/\/www.moma-design.it\/wp-content\/uploads\/2025\/07\/450X450-VICTORIA.jpg 450w, https:\/\/www.moma-design.it\/wp-content\/uploads\/2025\/07\/450X450-VICTORIA-400x400.jpg 400w, https:\/\/www.moma-design.it\/wp-content\/uploads\/2025\/07\/450X450-VICTORIA-150x150.jpg 150w, https:\/\/www.moma-design.it\/wp-content\/uploads\/2025\/07\/450X450-VICTORIA-300x300.jpg 300w, https:\/\/www.moma-design.it\/wp-content\/uploads\/2025\/07\/450X450-VICTORIA-100x100.jpg 100w\" sizes=\"(max-width: 450px) 100vw, 450px\" \/><\/figure>\n<\/div>\n<\/div>\n\n\n\n<h2 class=\"wp-block-heading\"><strong>Sommerliche Badezimmerm\u00f6bel: platzsparende und funktionelle L\u00f6sungen<\/strong><\/h2>\n\n\n\n<p>Wenn Sie ein kleines Badezimmer haben, ist der Sommer die perfekte Zeit, um kompakte und funktionelle M\u00f6bel auszuw\u00e4hlen. Zu den n\u00fctzlichsten Ideen geh\u00f6ren:<\/p>\n\n\n\n<ul class=\"wp-block-list\">\n<li>H\u00e4ngem\u00f6bel oder Waschbecken, um den Raumeindruck zu erh\u00f6hen. Unsere <a href=\"https:\/\/www.moma-design.it\/de\/produkt\/waschbecken-cubic\/\" target=\"_blank\">CUBIC<\/a>-Modelle, die mit einer integrierten Schublade ausgestattet werden k\u00f6nnen, sind kompakte und funktionelle L\u00f6sungen, die in Solid Surface erh\u00e4ltlich sind, einem hygienischen Material, das sich k\u00fchl und weich anf\u00fchlt.<\/li>\n\n\n\n<li>Offene Regale zur Aufbewahrung von Handt\u00fcchern und Accessoires oder die elegante <a href=\"https:\/\/www.moma-design.it\/de\/produkt\/boiserie\/\" target=\"_blank\">BOISERIE<\/a> mit Glast\u00fcren bereichern jedes Bad mit unvergleichlicher Eleganz.<\/li>\n\n\n\n<li>Geflecht- oder Drahtbeh\u00e4lter und K\u00f6rbe f\u00fcr einen <em>Boho-Chic<\/em>-Touch, zum Beispiel in Kombination mit offenen Waschtischen wie unserem TOWER OPEN.<\/li>\n\n\n\n<li>Gro\u00dfe Spiegel zur Verst\u00e4rkung des nat\u00fcrlichen Lichts.<\/li>\n\n\n\n<li>Erlebnisduschen oder <a href=\"https:\/\/www.moma-design.it\/de\/produkt-kategorie\/hammams-de\/\" target=\"_blank\">Hammams<\/a>, mit funktionsreichen <a href=\"https:\/\/www.moma-design.it\/de\/produkt-kategorie\/duschkopfe\/\" target=\"_blank\">Duschk\u00f6pfen<\/a> und Chromotherapie.<\/li>\n<\/ul>\n\n\n\n<div class=\"wp-block-columns alignwide is-layout-flex wp-container-core-columns-is-layout-28f84493 wp-block-columns-is-layout-flex\">\n<div class=\"wp-block-column is-layout-flow wp-block-column-is-layout-flow\">\n<figure class=\"wp-block-image aligncenter size-full\"><img loading=\"lazy\" decoding=\"async\" width=\"450\" height=\"450\" src=\"https:\/\/www.moma-design.it\/wp-content\/uploads\/2025\/07\/450X450-CUBIC.jpg\" alt=\"cubatecno mit wei\u00dfer Schublade\" class=\"wp-image-45730\" srcset=\"https:\/\/www.moma-design.it\/wp-content\/uploads\/2025\/07\/450X450-CUBIC.jpg 450w, https:\/\/www.moma-design.it\/wp-content\/uploads\/2025\/07\/450X450-CUBIC-400x400.jpg 400w, https:\/\/www.moma-design.it\/wp-content\/uploads\/2025\/07\/450X450-CUBIC-150x150.jpg 150w, https:\/\/www.moma-design.it\/wp-content\/uploads\/2025\/07\/450X450-CUBIC-300x300.jpg 300w, https:\/\/www.moma-design.it\/wp-content\/uploads\/2025\/07\/450X450-CUBIC-100x100.jpg 100w\" sizes=\"(max-width: 450px) 100vw, 450px\" \/><\/figure>\n<\/div>\n\n\n\n<div class=\"wp-block-column is-layout-flow wp-block-column-is-layout-flow\">\n<figure class=\"wp-block-image aligncenter size-full\"><img loading=\"lazy\" decoding=\"async\" width=\"450\" height=\"450\" src=\"https:\/\/www.moma-design.it\/wp-content\/uploads\/2025\/07\/450X450-BOISERIE.jpg\" alt=\"boiserie aus Glas und Eiche\" class=\"wp-image-45722\" srcset=\"https:\/\/www.moma-design.it\/wp-content\/uploads\/2025\/07\/450X450-BOISERIE.jpg 450w, https:\/\/www.moma-design.it\/wp-content\/uploads\/2025\/07\/450X450-BOISERIE-400x400.jpg 400w, https:\/\/www.moma-design.it\/wp-content\/uploads\/2025\/07\/450X450-BOISERIE-150x150.jpg 150w, https:\/\/www.moma-design.it\/wp-content\/uploads\/2025\/07\/450X450-BOISERIE-300x300.jpg 300w, https:\/\/www.moma-design.it\/wp-content\/uploads\/2025\/07\/450X450-BOISERIE-100x100.jpg 100w\" sizes=\"(max-width: 450px) 100vw, 450px\" \/><\/figure>\n<\/div>\n\n\n\n<div class=\"wp-block-column is-layout-flow wp-block-column-is-layout-flow\">\n<figure class=\"wp-block-image aligncenter size-full\"><img loading=\"lazy\" decoding=\"async\" width=\"450\" height=\"450\" src=\"https:\/\/www.moma-design.it\/wp-content\/uploads\/2025\/02\/450X450-TOWER-OPEN.jpg\" alt=\"tower open waschbecken aus stonage und asolo nussbaum\" class=\"wp-image-43454\" srcset=\"https:\/\/www.moma-design.it\/wp-content\/uploads\/2025\/02\/450X450-TOWER-OPEN.jpg 450w, https:\/\/www.moma-design.it\/wp-content\/uploads\/2025\/02\/450X450-TOWER-OPEN-400x400.jpg 400w, https:\/\/www.moma-design.it\/wp-content\/uploads\/2025\/02\/450X450-TOWER-OPEN-150x150.jpg 150w, https:\/\/www.moma-design.it\/wp-content\/uploads\/2025\/02\/450X450-TOWER-OPEN-300x300.jpg 300w, https:\/\/www.moma-design.it\/wp-content\/uploads\/2025\/02\/450X450-TOWER-OPEN-100x100.jpg 100w\" sizes=\"(max-width: 450px) 100vw, 450px\" \/><\/figure>\n<\/div>\n<\/div>\n\n\n\n<h3 class=\"wp-block-heading\"><strong><strong>Bonus: Wie man das Badezimmer im Sommer parf\u00fcmiert<\/strong><\/strong><\/h3>\n\n\n\n<p>Um die sommerliche Atmosph\u00e4re in Ihrem Badezimmer zu vervollst\u00e4ndigen, vergessen Sie nicht, sich um den Raumduft zu k\u00fcmmern. Die am besten geeigneten D\u00fcfte sind:<\/p>\n\n\n\n<ul class=\"wp-block-list\">\n<li>Zitrusfr\u00fcchte (Zitrone, Orange, Grapefruit)<\/li>\n\n\n\n<li>Lavendel<\/li>\n\n\n\n<li>Minze und Eukalyptus<\/li>\n\n\n\n<li>Meeresbrise<\/li>\n<\/ul>\n\n\n\n<p>Verwenden Sie St\u00e4bchen-Diffusoren, nat\u00fcrliche Sprays oder <em>Potpourri<\/em>-S\u00e4ckchen, um das Bad frisch zu halten.<\/p>\n\n\n\n<p><\/p>\n\n\n\n<p>Die Renovierung Ihrer Badezimmerm\u00f6bel im Sommer ist eine einfache und wirksame Methode, um frischen Wind in Ihre Wohnung zu bringen. Mit nur wenigen \u00c4nderungen an Farben, Materialien und Einrichtungsgegenst\u00e4nden k\u00f6nnen Sie Ihr Bad in ein kleines privates Spa verwandeln, in dem Sie sich in dieser Jahreszeit perfekt erholen k\u00f6nnen.<\/p>\n\n\n\n<p>Eine sch\u00f6ne Sommerpause w\u00fcnscht Ihnen das <strong>MOMA Design<\/strong> Team!<\/p>\n","protected":false},"excerpt":{"rendered":"<p>Die Sommermonate sind eine gute Zeit, um die R\u00e4ume in Ihrem Haus zu erneuern. Hier sind einige Ideen von MOMA Design.<\/p>\n","protected":false},"author":2,"featured_media":45721,"comment_status":"open","ping_status":"open","sticky":false,"template":"","format":"standard","meta":{"site-sidebar-layout":"default","site-content-layout":"","ast-site-content-layout":"default","site-content-style":"default","site-sidebar-style":"default","ast-global-header-display":"","ast-banner-title-visibility":"","ast-main-header-display":"","ast-hfb-above-header-display":"","ast-hfb-below-header-display":"","ast-hfb-mobile-header-display":"","site-post-title":"","ast-breadcrumbs-content":"","ast-featured-img":"","footer-sml-layout":"","ast-disable-related-posts":"","theme-transparent-header-meta":"","adv-header-id-meta":"","stick-header-meta":"","header-above-stick-meta":"","header-main-stick-meta":"","header-below-stick-meta":"","astra-migrate-meta-layouts":"set","ast-page-background-enabled":"default","ast-page-background-meta":{"desktop":{"background-color":"var(--ast-global-color-4)","background-image":"","background-repeat":"repeat","background-position":"center center","background-size":"auto","background-attachment":"scroll","background-type":"","background-media":"","overlay-type":"","overlay-color":"","overlay-opacity":"","overlay-gradient":""},"tablet":{"background-color":"","background-image":"","background-repeat":"repeat","background-position":"center center","background-size":"auto","background-attachment":"scroll","background-type":"","background-media":"","overlay-type":"","overlay-color":"","overlay-opacity":"","overlay-gradient":""},"mobile":{"background-color":"","background-image":"","background-repeat":"repeat","background-position":"center center","background-size":"auto","background-attachment":"scroll","background-type":"","background-media":"","overlay-type":"","overlay-color":"","overlay-opacity":"","overlay-gradient":""}},"ast-content-background-meta":{"desktop":{"background-color":"var(--ast-global-color-5)","background-image":"","background-repeat":"repeat","background-position":"center center","background-size":"auto","background-attachment":"scroll","background-type":"","background-media":"","overlay-type":"","overlay-color":"","overlay-opacity":"","overlay-gradient":""},"tablet":{"background-color":"var(--ast-global-color-5)","background-image":"","background-repeat":"repeat","background-position":"center center","background-size":"auto","background-attachment":"scroll","background-type":"","background-media":"","overlay-type":"","overlay-color":"","overlay-opacity":"","overlay-gradient":""},"mobile":{"background-color":"var(--ast-global-color-5)","background-image":"","background-repeat":"repeat","background-position":"center center","background-size":"auto","background-attachment":"scroll","background-type":"","background-media":"","overlay-type":"","overlay-color":"","overlay-opacity":"","overlay-gradient":""}},"footnotes":""},"categories":[223,132],"tags":[],"realizzazione_categoria":[],"class_list":["post-45749","post","type-post","status-publish","format-standard","has-post-thumbnail","hentry","category-news-de","category-unkategorisiert"],"yoast_head":"<!-- This site is optimized with the Yoast SEO plugin v26.8 - https:\/\/yoast.com\/product\/yoast-seo-wordpress\/ -->\n<title>Sommerliche Badezimmerm\u00f6bel | MOMA Design<\/title>\n<meta name=\"description\" content=\"Sommerliche Badezimmerm\u00f6bel zeichnen sich durch eine Erneuerung aus, die sich in Richtung Frische bewegt. Hier die Ideen von MOMA Design.\" \/>\n<meta name=\"robots\" content=\"index, follow, max-snippet:-1, max-image-preview:large, max-video-preview:-1\" \/>\n<link rel=\"canonical\" href=\"https:\/\/www.moma-design.it\/de\/sommerliche-badezimmermoebel-ideen-und-trends-fuer-ein-cooles-und-komfortables-badezimmer\/\" \/>\n<meta property=\"og:locale\" content=\"de_DE\" \/>\n<meta property=\"og:type\" content=\"article\" \/>\n<meta property=\"og:title\" content=\"Sommerliche Badezimmerm\u00f6bel | MOMA Design\" \/>\n<meta property=\"og:description\" content=\"Sommerliche Badezimmerm\u00f6bel zeichnen sich durch eine Erneuerung aus, die sich in Richtung Frische bewegt. Hier die Ideen von MOMA Design.\" \/>\n<meta property=\"og:url\" content=\"https:\/\/www.moma-design.it\/de\/sommerliche-badezimmermoebel-ideen-und-trends-fuer-ein-cooles-und-komfortables-badezimmer\/\" \/>\n<meta property=\"og:site_name\" content=\"MOMA Design\" \/>\n<meta property=\"article:published_time\" content=\"2025-07-28T09:50:58+00:00\" \/>\n<meta property=\"article:modified_time\" content=\"2025-07-28T09:55:53+00:00\" \/>\n<meta property=\"og:image\" content=\"https:\/\/www.moma-design.it\/wp-content\/uploads\/2025\/07\/COPERTINA-1920X800.jpg\" \/>\n\t<meta property=\"og:image:width\" content=\"1920\" \/>\n\t<meta property=\"og:image:height\" content=\"800\" \/>\n\t<meta property=\"og:image:type\" content=\"image\/jpeg\" \/>\n<meta name=\"author\" content=\"Michela Melissano\" \/>\n<meta name=\"twitter:card\" content=\"summary_large_image\" \/>\n<meta name=\"twitter:label1\" content=\"Verfasst von\" \/>\n\t<meta name=\"twitter:data1\" content=\"Michela Melissano\" \/>\n\t<meta name=\"twitter:label2\" content=\"Gesch\u00e4tzte Lesezeit\" \/>\n\t<meta name=\"twitter:data2\" content=\"6\u00a0Minuten\" \/>\n<script type=\"application\/ld+json\" class=\"yoast-schema-graph\">{\"@context\":\"https:\/\/schema.org\",\"@graph\":[{\"@type\":\"Article\",\"@id\":\"https:\/\/www.moma-design.it\/de\/sommerliche-badezimmermoebel-ideen-und-trends-fuer-ein-cooles-und-komfortables-badezimmer\/#article\",\"isPartOf\":{\"@id\":\"https:\/\/www.moma-design.it\/de\/sommerliche-badezimmermoebel-ideen-und-trends-fuer-ein-cooles-und-komfortables-badezimmer\/\"},\"author\":{\"name\":\"Michela Melissano\",\"@id\":\"https:\/\/www.moma-design.it\/#\/schema\/person\/75f17af98d2696602c12318522f82ba8\"},\"headline\":\"Sommerliche Badezimmerm\u00f6bel: Ideen und Trends f\u00fcr ein cooles und komfortables Badezimmer\",\"datePublished\":\"2025-07-28T09:50:58+00:00\",\"dateModified\":\"2025-07-28T09:55:53+00:00\",\"mainEntityOfPage\":{\"@id\":\"https:\/\/www.moma-design.it\/de\/sommerliche-badezimmermoebel-ideen-und-trends-fuer-ein-cooles-und-komfortables-badezimmer\/\"},\"wordCount\":713,\"commentCount\":0,\"publisher\":{\"@id\":\"https:\/\/www.moma-design.it\/#organization\"},\"image\":{\"@id\":\"https:\/\/www.moma-design.it\/de\/sommerliche-badezimmermoebel-ideen-und-trends-fuer-ein-cooles-und-komfortables-badezimmer\/#primaryimage\"},\"thumbnailUrl\":\"https:\/\/www.moma-design.it\/wp-content\/uploads\/2025\/07\/COPERTINA-1920X800.jpg\",\"articleSection\":[\"News\",\"Unkategorisiert\"],\"inLanguage\":\"de\",\"potentialAction\":[{\"@type\":\"CommentAction\",\"name\":\"Comment\",\"target\":[\"https:\/\/www.moma-design.it\/de\/sommerliche-badezimmermoebel-ideen-und-trends-fuer-ein-cooles-und-komfortables-badezimmer\/#respond\"]}]},{\"@type\":\"WebPage\",\"@id\":\"https:\/\/www.moma-design.it\/de\/sommerliche-badezimmermoebel-ideen-und-trends-fuer-ein-cooles-und-komfortables-badezimmer\/\",\"url\":\"https:\/\/www.moma-design.it\/de\/sommerliche-badezimmermoebel-ideen-und-trends-fuer-ein-cooles-und-komfortables-badezimmer\/\",\"name\":\"Sommerliche Badezimmerm\u00f6bel | MOMA Design\",\"isPartOf\":{\"@id\":\"https:\/\/www.moma-design.it\/#website\"},\"primaryImageOfPage\":{\"@id\":\"https:\/\/www.moma-design.it\/de\/sommerliche-badezimmermoebel-ideen-und-trends-fuer-ein-cooles-und-komfortables-badezimmer\/#primaryimage\"},\"image\":{\"@id\":\"https:\/\/www.moma-design.it\/de\/sommerliche-badezimmermoebel-ideen-und-trends-fuer-ein-cooles-und-komfortables-badezimmer\/#primaryimage\"},\"thumbnailUrl\":\"https:\/\/www.moma-design.it\/wp-content\/uploads\/2025\/07\/COPERTINA-1920X800.jpg\",\"datePublished\":\"2025-07-28T09:50:58+00:00\",\"dateModified\":\"2025-07-28T09:55:53+00:00\",\"description\":\"Sommerliche Badezimmerm\u00f6bel zeichnen sich durch eine Erneuerung aus, die sich in Richtung Frische bewegt. Hier die Ideen von MOMA Design.\",\"breadcrumb\":{\"@id\":\"https:\/\/www.moma-design.it\/de\/sommerliche-badezimmermoebel-ideen-und-trends-fuer-ein-cooles-und-komfortables-badezimmer\/#breadcrumb\"},\"inLanguage\":\"de\",\"potentialAction\":[{\"@type\":\"ReadAction\",\"target\":[\"https:\/\/www.moma-design.it\/de\/sommerliche-badezimmermoebel-ideen-und-trends-fuer-ein-cooles-und-komfortables-badezimmer\/\"]}]},{\"@type\":\"ImageObject\",\"inLanguage\":\"de\",\"@id\":\"https:\/\/www.moma-design.it\/de\/sommerliche-badezimmermoebel-ideen-und-trends-fuer-ein-cooles-und-komfortables-badezimmer\/#primaryimage\",\"url\":\"https:\/\/www.moma-design.it\/wp-content\/uploads\/2025\/07\/COPERTINA-1920X800.jpg\",\"contentUrl\":\"https:\/\/www.moma-design.it\/wp-content\/uploads\/2025\/07\/COPERTINA-1920X800.jpg\",\"width\":1920,\"height\":800,\"caption\":\"copertina arredamento estivo\"},{\"@type\":\"BreadcrumbList\",\"@id\":\"https:\/\/www.moma-design.it\/de\/sommerliche-badezimmermoebel-ideen-und-trends-fuer-ein-cooles-und-komfortables-badezimmer\/#breadcrumb\",\"itemListElement\":[{\"@type\":\"ListItem\",\"position\":1,\"name\":\"Home\",\"item\":\"https:\/\/www.moma-design.it\/\"},{\"@type\":\"ListItem\",\"position\":2,\"name\":\"Sommerliche Badezimmerm\u00f6bel: Ideen und Trends f\u00fcr ein cooles und komfortables Badezimmer\"}]},{\"@type\":\"WebSite\",\"@id\":\"https:\/\/www.moma-design.it\/#website\",\"url\":\"https:\/\/www.moma-design.it\/\",\"name\":\"MOMA Design\",\"description\":\"\",\"publisher\":{\"@id\":\"https:\/\/www.moma-design.it\/#organization\"},\"potentialAction\":[{\"@type\":\"SearchAction\",\"target\":{\"@type\":\"EntryPoint\",\"urlTemplate\":\"https:\/\/www.moma-design.it\/?s={search_term_string}\"},\"query-input\":{\"@type\":\"PropertyValueSpecification\",\"valueRequired\":true,\"valueName\":\"search_term_string\"}}],\"inLanguage\":\"de\"},{\"@type\":\"Organization\",\"@id\":\"https:\/\/www.moma-design.it\/#organization\",\"name\":\"MOMA Design\",\"url\":\"https:\/\/www.moma-design.it\/\",\"logo\":{\"@type\":\"ImageObject\",\"inLanguage\":\"de\",\"@id\":\"https:\/\/www.moma-design.it\/#\/schema\/logo\/image\/\",\"url\":\"https:\/\/www.moma-design.it\/wp-content\/uploads\/2023\/07\/Logotipo-bianco-Moma-Design.png\",\"contentUrl\":\"https:\/\/www.moma-design.it\/wp-content\/uploads\/2023\/07\/Logotipo-bianco-Moma-Design.png\",\"width\":250,\"height\":150,\"caption\":\"MOMA Design\"},\"image\":{\"@id\":\"https:\/\/www.moma-design.it\/#\/schema\/logo\/image\/\"}},{\"@type\":\"Person\",\"@id\":\"https:\/\/www.moma-design.it\/#\/schema\/person\/75f17af98d2696602c12318522f82ba8\",\"name\":\"Michela Melissano\",\"image\":{\"@type\":\"ImageObject\",\"inLanguage\":\"de\",\"@id\":\"https:\/\/www.moma-design.it\/#\/schema\/person\/image\/\",\"url\":\"https:\/\/secure.gravatar.com\/avatar\/0621d8e5abd794b4e28548d00aaf935bf73b54d85ceb059b656bf4d97d6c1edc?s=96&d=mm&r=g\",\"contentUrl\":\"https:\/\/secure.gravatar.com\/avatar\/0621d8e5abd794b4e28548d00aaf935bf73b54d85ceb059b656bf4d97d6c1edc?s=96&d=mm&r=g\",\"caption\":\"Michela Melissano\"},\"url\":\"https:\/\/www.moma-design.it\/de\/author\/moma-design\/\"}]}<\/script>\n<!-- \/ Yoast SEO plugin. -->","yoast_head_json":{"title":"Sommerliche Badezimmerm\u00f6bel | MOMA Design","description":"Sommerliche Badezimmerm\u00f6bel zeichnen sich durch eine Erneuerung aus, die sich in Richtung Frische bewegt. Hier die Ideen von MOMA Design.","robots":{"index":"index","follow":"follow","max-snippet":"max-snippet:-1","max-image-preview":"max-image-preview:large","max-video-preview":"max-video-preview:-1"},"canonical":"https:\/\/www.moma-design.it\/de\/sommerliche-badezimmermoebel-ideen-und-trends-fuer-ein-cooles-und-komfortables-badezimmer\/","og_locale":"de_DE","og_type":"article","og_title":"Sommerliche Badezimmerm\u00f6bel | MOMA Design","og_description":"Sommerliche Badezimmerm\u00f6bel zeichnen sich durch eine Erneuerung aus, die sich in Richtung Frische bewegt. Hier die Ideen von MOMA Design.","og_url":"https:\/\/www.moma-design.it\/de\/sommerliche-badezimmermoebel-ideen-und-trends-fuer-ein-cooles-und-komfortables-badezimmer\/","og_site_name":"MOMA Design","article_published_time":"2025-07-28T09:50:58+00:00","article_modified_time":"2025-07-28T09:55:53+00:00","og_image":[{"width":1920,"height":800,"url":"https:\/\/www.moma-design.it\/wp-content\/uploads\/2025\/07\/COPERTINA-1920X800.jpg","type":"image\/jpeg"}],"author":"Michela Melissano","twitter_card":"summary_large_image","twitter_misc":{"Verfasst von":"Michela Melissano","Gesch\u00e4tzte Lesezeit":"6\u00a0Minuten"},"schema":{"@context":"https:\/\/schema.org","@graph":[{"@type":"Article","@id":"https:\/\/www.moma-design.it\/de\/sommerliche-badezimmermoebel-ideen-und-trends-fuer-ein-cooles-und-komfortables-badezimmer\/#article","isPartOf":{"@id":"https:\/\/www.moma-design.it\/de\/sommerliche-badezimmermoebel-ideen-und-trends-fuer-ein-cooles-und-komfortables-badezimmer\/"},"author":{"name":"Michela Melissano","@id":"https:\/\/www.moma-design.it\/#\/schema\/person\/75f17af98d2696602c12318522f82ba8"},"headline":"Sommerliche Badezimmerm\u00f6bel: Ideen und Trends f\u00fcr ein cooles und komfortables Badezimmer","datePublished":"2025-07-28T09:50:58+00:00","dateModified":"2025-07-28T09:55:53+00:00","mainEntityOfPage":{"@id":"https:\/\/www.moma-design.it\/de\/sommerliche-badezimmermoebel-ideen-und-trends-fuer-ein-cooles-und-komfortables-badezimmer\/"},"wordCount":713,"commentCount":0,"publisher":{"@id":"https:\/\/www.moma-design.it\/#organization"},"image":{"@id":"https:\/\/www.moma-design.it\/de\/sommerliche-badezimmermoebel-ideen-und-trends-fuer-ein-cooles-und-komfortables-badezimmer\/#primaryimage"},"thumbnailUrl":"https:\/\/www.moma-design.it\/wp-content\/uploads\/2025\/07\/COPERTINA-1920X800.jpg","articleSection":["News","Unkategorisiert"],"inLanguage":"de","potentialAction":[{"@type":"CommentAction","name":"Comment","target":["https:\/\/www.moma-design.it\/de\/sommerliche-badezimmermoebel-ideen-und-trends-fuer-ein-cooles-und-komfortables-badezimmer\/#respond"]}]},{"@type":"WebPage","@id":"https:\/\/www.moma-design.it\/de\/sommerliche-badezimmermoebel-ideen-und-trends-fuer-ein-cooles-und-komfortables-badezimmer\/","url":"https:\/\/www.moma-design.it\/de\/sommerliche-badezimmermoebel-ideen-und-trends-fuer-ein-cooles-und-komfortables-badezimmer\/","name":"Sommerliche Badezimmerm\u00f6bel | MOMA Design","isPartOf":{"@id":"https:\/\/www.moma-design.it\/#website"},"primaryImageOfPage":{"@id":"https:\/\/www.moma-design.it\/de\/sommerliche-badezimmermoebel-ideen-und-trends-fuer-ein-cooles-und-komfortables-badezimmer\/#primaryimage"},"image":{"@id":"https:\/\/www.moma-design.it\/de\/sommerliche-badezimmermoebel-ideen-und-trends-fuer-ein-cooles-und-komfortables-badezimmer\/#primaryimage"},"thumbnailUrl":"https:\/\/www.moma-design.it\/wp-content\/uploads\/2025\/07\/COPERTINA-1920X800.jpg","datePublished":"2025-07-28T09:50:58+00:00","dateModified":"2025-07-28T09:55:53+00:00","description":"Sommerliche Badezimmerm\u00f6bel zeichnen sich durch eine Erneuerung aus, die sich in Richtung Frische bewegt. Hier die Ideen von MOMA Design.","breadcrumb":{"@id":"https:\/\/www.moma-design.it\/de\/sommerliche-badezimmermoebel-ideen-und-trends-fuer-ein-cooles-und-komfortables-badezimmer\/#breadcrumb"},"inLanguage":"de","potentialAction":[{"@type":"ReadAction","target":["https:\/\/www.moma-design.it\/de\/sommerliche-badezimmermoebel-ideen-und-trends-fuer-ein-cooles-und-komfortables-badezimmer\/"]}]},{"@type":"ImageObject","inLanguage":"de","@id":"https:\/\/www.moma-design.it\/de\/sommerliche-badezimmermoebel-ideen-und-trends-fuer-ein-cooles-und-komfortables-badezimmer\/#primaryimage","url":"https:\/\/www.moma-design.it\/wp-content\/uploads\/2025\/07\/COPERTINA-1920X800.jpg","contentUrl":"https:\/\/www.moma-design.it\/wp-content\/uploads\/2025\/07\/COPERTINA-1920X800.jpg","width":1920,"height":800,"caption":"copertina arredamento estivo"},{"@type":"BreadcrumbList","@id":"https:\/\/www.moma-design.it\/de\/sommerliche-badezimmermoebel-ideen-und-trends-fuer-ein-cooles-und-komfortables-badezimmer\/#breadcrumb","itemListElement":[{"@type":"ListItem","position":1,"name":"Home","item":"https:\/\/www.moma-design.it\/"},{"@type":"ListItem","position":2,"name":"Sommerliche Badezimmerm\u00f6bel: Ideen und Trends f\u00fcr ein cooles und komfortables Badezimmer"}]},{"@type":"WebSite","@id":"https:\/\/www.moma-design.it\/#website","url":"https:\/\/www.moma-design.it\/","name":"MOMA Design","description":"","publisher":{"@id":"https:\/\/www.moma-design.it\/#organization"},"potentialAction":[{"@type":"SearchAction","target":{"@type":"EntryPoint","urlTemplate":"https:\/\/www.moma-design.it\/?s={search_term_string}"},"query-input":{"@type":"PropertyValueSpecification","valueRequired":true,"valueName":"search_term_string"}}],"inLanguage":"de"},{"@type":"Organization","@id":"https:\/\/www.moma-design.it\/#organization","name":"MOMA Design","url":"https:\/\/www.moma-design.it\/","logo":{"@type":"ImageObject","inLanguage":"de","@id":"https:\/\/www.moma-design.it\/#\/schema\/logo\/image\/","url":"https:\/\/www.moma-design.it\/wp-content\/uploads\/2023\/07\/Logotipo-bianco-Moma-Design.png","contentUrl":"https:\/\/www.moma-design.it\/wp-content\/uploads\/2023\/07\/Logotipo-bianco-Moma-Design.png","width":250,"height":150,"caption":"MOMA Design"},"image":{"@id":"https:\/\/www.moma-design.it\/#\/schema\/logo\/image\/"}},{"@type":"Person","@id":"https:\/\/www.moma-design.it\/#\/schema\/person\/75f17af98d2696602c12318522f82ba8","name":"Michela Melissano","image":{"@type":"ImageObject","inLanguage":"de","@id":"https:\/\/www.moma-design.it\/#\/schema\/person\/image\/","url":"https:\/\/secure.gravatar.com\/avatar\/0621d8e5abd794b4e28548d00aaf935bf73b54d85ceb059b656bf4d97d6c1edc?s=96&d=mm&r=g","contentUrl":"https:\/\/secure.gravatar.com\/avatar\/0621d8e5abd794b4e28548d00aaf935bf73b54d85ceb059b656bf4d97d6c1edc?s=96&d=mm&r=g","caption":"Michela Melissano"},"url":"https:\/\/www.moma-design.it\/de\/author\/moma-design\/"}]}},"_links":{"self":[{"href":"https:\/\/www.moma-design.it\/de\/wp-json\/wp\/v2\/posts\/45749","targetHints":{"allow":["GET"]}}],"collection":[{"href":"https:\/\/www.moma-design.it\/de\/wp-json\/wp\/v2\/posts"}],"about":[{"href":"https:\/\/www.moma-design.it\/de\/wp-json\/wp\/v2\/types\/post"}],"author":[{"embeddable":true,"href":"https:\/\/www.moma-design.it\/de\/wp-json\/wp\/v2\/users\/2"}],"replies":[{"embeddable":true,"href":"https:\/\/www.moma-design.it\/de\/wp-json\/wp\/v2\/comments?post=45749"}],"version-history":[{"count":3,"href":"https:\/\/www.moma-design.it\/de\/wp-json\/wp\/v2\/posts\/45749\/revisions"}],"predecessor-version":[{"id":45846,"href":"https:\/\/www.moma-design.it\/de\/wp-json\/wp\/v2\/posts\/45749\/revisions\/45846"}],"wp:featuredmedia":[{"embeddable":true,"href":"https:\/\/www.moma-design.it\/de\/wp-json\/wp\/v2\/media\/45721"}],"wp:attachment":[{"href":"https:\/\/www.moma-design.it\/de\/wp-json\/wp\/v2\/media?parent=45749"}],"wp:term":[{"taxonomy":"category","embeddable":true,"href":"https:\/\/www.moma-design.it\/de\/wp-json\/wp\/v2\/categories?post=45749"},{"taxonomy":"post_tag","embeddable":true,"href":"https:\/\/www.moma-design.it\/de\/wp-json\/wp\/v2\/tags?post=45749"},{"taxonomy":"realizzazione_categoria","embeddable":true,"href":"https:\/\/www.moma-design.it\/de\/wp-json\/wp\/v2\/realizzazione_categoria?post=45749"}],"curies":[{"name":"wp","href":"https:\/\/api.w.org\/{rel}","templated":true}]}}