{"id":44692,"date":"2025-05-28T09:24:58","date_gmt":"2025-05-28T07:24:58","guid":{"rendered":"https:\/\/www.moma-design.it\/?p=44692"},"modified":"2025-05-29T15:47:51","modified_gmt":"2025-05-29T13:47:51","slug":"die-neue-etereo-moebel-von-moma-design","status":"publish","type":"post","link":"https:\/\/www.moma-design.it\/de\/die-neue-etereo-moebel-von-moma-design\/","title":{"rendered":"Die neue \u201eEtereo\u201c M\u00f6bel von MOMA Design"},"content":{"rendered":"\n<p>Die neue \u201eEtereo\u201c-M\u00f6bel von MOMA Design verk\u00f6rpern eine \u00c4sthetik, die zwischen Leichtigkeit und Raffinesse liegt.<\/p>\n\n<p>Es handelt sich um eine neue, an der Wand befestigte, h\u00e4ngende Kollektion, die mit ihrer klaren Silhouette, die gekonnt geschwungene und gerade Linien kombiniert, elegant der Schwerkraft trotzt.<\/p>\n\n<p><br\/>Dieses M\u00f6belst\u00fcck, das anl\u00e4sslich des <strong>Salone del Mobile 2025<\/strong> in unserem Ausstellungsraum vorgestellt wurde, \u00e4hnelt vom Konzept her unserer Kollektion Eclectic&#8220;: ein abgerundeter Kasten, aber nur vorne, der hinten gerade ist, damit er leicht an der Wand befestigt werden kann.<\/p>\n\n<p>Die Seitenteile sind nicht nur \u00e4sthetisch ansprechend, sondern auch voll funktionsf\u00e4hig, da sie sich durch ein leichtes Schiebesystem \u00f6ffnen lassen und keinen einzigen Millimeter Platz vom Rest des Badezimmers wegnehmen, da sie sich innerhalb ihrer eigenen Grundfl\u00e4che \u00f6ffnen und schlie\u00dfen lassen.<\/p>\n\n<h2 class=\"wp-block-heading\">MERKMALE DER \u201eETEREO\u201c KOLLEKTION<\/h2>\n\n<p>Die Kollektion ist derzeit nur als Prototyp mit zwei \u00fcbereinanderliegenden Schubladen oder vier Schubladen in der Doppelversion erh\u00e4ltlich, aber es wird nat\u00fcrlich m\u00f6glich sein, sie mit T\u00fcren und offenen F\u00e4chern auszustatten, denn wie immer zeichnet sich unsere Produktion durch die Individualisierung aus.<\/p>\n\n<p>Bei den Oberfl\u00e4chen wollten wir es mit der Vorschauversion \u00fcbertreiben: Die Fronten der Platte und der Schubladen sind aus Porphyr, einem au\u00dfergew\u00f6hnlichen Material, f\u00fcr das wir uns bei Porfido F.lli Pedretti bedanken (Exklusivvertrieb von drei einzigartigen italienischen Steinen, Porfido Vallecamonica, Porfido Giallogiotto und Porfido Grigioverde), w\u00e4hrend wir die Struktur des Schranks und die Schiebet\u00fcren aus matt lackiertem MDF mit Champagner-Finish hergestellt haben. Der Kontrast zu den bronzefarbenen, pulverbeschichteten Aluminiumgriffen ist \u00e4u\u00dferst delikat, hebt aber jedes einzelne Element dieses strukturierten M\u00f6belst\u00fccks hervor.<\/p>\n\n<figure class=\"wp-block-image aligncenter size-large\"><img fetchpriority=\"high\" decoding=\"async\" width=\"1024\" height=\"491\" src=\"https:\/\/www.moma-design.it\/wp-content\/uploads\/2025\/05\/showroom-1920x920-1-1024x491.jpg\" alt=\"\" class=\"wp-image-44294\" srcset=\"https:\/\/www.moma-design.it\/wp-content\/uploads\/2025\/05\/showroom-1920x920-1-1024x491.jpg 1024w, https:\/\/www.moma-design.it\/wp-content\/uploads\/2025\/05\/showroom-1920x920-1-400x192.jpg 400w, https:\/\/www.moma-design.it\/wp-content\/uploads\/2025\/05\/showroom-1920x920-1-768x368.jpg 768w, https:\/\/www.moma-design.it\/wp-content\/uploads\/2025\/05\/showroom-1920x920-1-300x144.jpg 300w, https:\/\/www.moma-design.it\/wp-content\/uploads\/2025\/05\/showroom-1920x920-1-600x288.jpg 600w, https:\/\/www.moma-design.it\/wp-content\/uploads\/2025\/05\/showroom-1920x920-1.jpg 1536w\" sizes=\"(max-width: 1024px) 100vw, 1024px\" \/><\/figure>\n\n<p><\/p>\n\n<div class=\"wp-block-buttons is-content-justification-center is-layout-flex wp-container-core-buttons-is-layout-b5994976 wp-block-buttons-is-layout-flex\">\n<div class=\"wp-block-button is-style-outline is-style-outline--1\"><a class=\"wp-block-button__link has-text-align-center wp-element-button\" href=\"\/wp-content\/uploads\/2025\/05\/NEW-COLLECTION-2025_BROCHURE-ETEREO.pdf\"><strong>BROSCH\u00dcRE &#8222;ETEREO&#8220; HERUNTERLADEN<\/strong><\/a><\/div>\n<\/div>\n\n<p><\/p>\n\n<p>Wie alle unsere neuen Kollektionen kann auch diese mit bronzierten Glasfronten konfiguriert werden, die durch warme LEDs im Inneren aufgewertet werden.<\/p>\n\n<p>Das Top der Etereo-M\u00f6bel wird in Marmor, Corian, Holz oder auch Feinsteinzeug erh\u00e4ltlich sein. Feinsteinzeug kann auch f\u00fcr die Schubladenfronten verwendet werden.<\/p>\n\n<p>Die schlanke Platte kann mit allen unseren Aufsatzwaschbecken kombiniert werden, in Solid Surface oder Marmor, je nach dem \u00e4sthetischen Geschmack des Kunden.<\/p>\n\n<p>Praktisch alle unsere Waschtischmodelle k\u00f6nnen in der Version mit integrierter Platte, d\u00fcnn oder dick, untergebracht werden, wobei das Modell Aquatico und das Modell Soft sicherlich die attraktivsten sind.<\/p>\n\n<div class=\"wp-block-columns alignwide is-layout-flex wp-container-core-columns-is-layout-28f84493 wp-block-columns-is-layout-flex\">\n<div class=\"wp-block-column is-layout-flow wp-block-column-is-layout-flow\">\n<figure class=\"wp-block-image aligncenter size-full\"><img decoding=\"async\" width=\"450\" height=\"450\" src=\"https:\/\/www.moma-design.it\/wp-content\/uploads\/2025\/05\/1-450x450-2.jpg\" alt=\"\" class=\"wp-image-44278\" srcset=\"https:\/\/www.moma-design.it\/wp-content\/uploads\/2025\/05\/1-450x450-2.jpg 450w, https:\/\/www.moma-design.it\/wp-content\/uploads\/2025\/05\/1-450x450-2-400x400.jpg 400w, https:\/\/www.moma-design.it\/wp-content\/uploads\/2025\/05\/1-450x450-2-150x150.jpg 150w, https:\/\/www.moma-design.it\/wp-content\/uploads\/2025\/05\/1-450x450-2-300x300.jpg 300w, https:\/\/www.moma-design.it\/wp-content\/uploads\/2025\/05\/1-450x450-2-100x100.jpg 100w\" sizes=\"(max-width: 450px) 100vw, 450px\" \/><\/figure>\n<\/div>\n\n\n\n<div class=\"wp-block-column is-layout-flow wp-block-column-is-layout-flow\">\n<figure class=\"wp-block-image aligncenter size-full\"><img decoding=\"async\" width=\"450\" height=\"450\" src=\"https:\/\/www.moma-design.it\/wp-content\/uploads\/2025\/05\/2-450x450-2.jpg\" alt=\"\" class=\"wp-image-44282\" srcset=\"https:\/\/www.moma-design.it\/wp-content\/uploads\/2025\/05\/2-450x450-2.jpg 450w, https:\/\/www.moma-design.it\/wp-content\/uploads\/2025\/05\/2-450x450-2-400x400.jpg 400w, https:\/\/www.moma-design.it\/wp-content\/uploads\/2025\/05\/2-450x450-2-150x150.jpg 150w, https:\/\/www.moma-design.it\/wp-content\/uploads\/2025\/05\/2-450x450-2-300x300.jpg 300w, https:\/\/www.moma-design.it\/wp-content\/uploads\/2025\/05\/2-450x450-2-100x100.jpg 100w\" sizes=\"(max-width: 450px) 100vw, 450px\" \/><\/figure>\n<\/div>\n\n\n\n<div class=\"wp-block-column is-layout-flow wp-block-column-is-layout-flow\">\n<figure class=\"wp-block-image aligncenter size-full\"><img loading=\"lazy\" decoding=\"async\" width=\"450\" height=\"450\" src=\"https:\/\/www.moma-design.it\/wp-content\/uploads\/2025\/05\/3-450x450-2.jpg\" alt=\"\" class=\"wp-image-44290\" srcset=\"https:\/\/www.moma-design.it\/wp-content\/uploads\/2025\/05\/3-450x450-2.jpg 450w, https:\/\/www.moma-design.it\/wp-content\/uploads\/2025\/05\/3-450x450-2-400x400.jpg 400w, https:\/\/www.moma-design.it\/wp-content\/uploads\/2025\/05\/3-450x450-2-150x150.jpg 150w, https:\/\/www.moma-design.it\/wp-content\/uploads\/2025\/05\/3-450x450-2-300x300.jpg 300w, https:\/\/www.moma-design.it\/wp-content\/uploads\/2025\/05\/3-450x450-2-100x100.jpg 100w\" sizes=\"(max-width: 450px) 100vw, 450px\" \/><\/figure>\n<\/div>\n<\/div>\n\n<h2 class=\"wp-block-heading\">TAUCHEN SIE EIN IN DIE WELT VON MOMA DESIGN<\/h2>\n\n<p>\u201e<strong>Etereo<\/strong>\u201c spiegelt voll und ganz die Philosophie von <strong>MOMA Design<\/strong> wider: die Kombination von hochwertigen Materialien und ma\u00dfgeschneiderter Verarbeitung, um eine anspruchsvolle und zeitlose Balance zwischen Funktionalit\u00e4t und Sch\u00f6nheit zu schaffen.<\/p>\n\n<p>Der Name erinnert an die Vorstellung von etwas Ungreifbarem, fast Immateriellem, das sich harmonisch in R\u00e4ume einf\u00fcgt, ohne sie zu beschweren, und ein Gef\u00fchl von Ruhe und visueller Harmonie hervorruft. Entdecken und ber\u00fchren Sie diese \u00fcberraschende neue Kollektion in unserem Showroom.<\/p>\n","protected":false},"excerpt":{"rendered":"<p>Entdecken Sie die neue \u201eEtereo\u201c M\u00f6bel von MOMA Design, der dank seiner abgerundeten Ecken und der h\u00e4ngenden Befestigung eine leichte und elegante \u00c4sthetik verk\u00f6rpert.<\/p>\n","protected":false},"author":2,"featured_media":44289,"comment_status":"open","ping_status":"open","sticky":false,"template":"","format":"standard","meta":{"site-sidebar-layout":"default","site-content-layout":"","ast-site-content-layout":"default","site-content-style":"default","site-sidebar-style":"default","ast-global-header-display":"","ast-banner-title-visibility":"","ast-main-header-display":"","ast-hfb-above-header-display":"","ast-hfb-below-header-display":"","ast-hfb-mobile-header-display":"","site-post-title":"","ast-breadcrumbs-content":"","ast-featured-img":"","footer-sml-layout":"","ast-disable-related-posts":"","theme-transparent-header-meta":"","adv-header-id-meta":"","stick-header-meta":"","header-above-stick-meta":"","header-main-stick-meta":"","header-below-stick-meta":"","astra-migrate-meta-layouts":"set","ast-page-background-enabled":"default","ast-page-background-meta":{"desktop":{"background-color":"var(--ast-global-color-4)","background-image":"","background-repeat":"repeat","background-position":"center center","background-size":"auto","background-attachment":"scroll","background-type":"","background-media":"","overlay-type":"","overlay-color":"","overlay-opacity":"","overlay-gradient":""},"tablet":{"background-color":"","background-image":"","background-repeat":"repeat","background-position":"center center","background-size":"auto","background-attachment":"scroll","background-type":"","background-media":"","overlay-type":"","overlay-color":"","overlay-opacity":"","overlay-gradient":""},"mobile":{"background-color":"","background-image":"","background-repeat":"repeat","background-position":"center center","background-size":"auto","background-attachment":"scroll","background-type":"","background-media":"","overlay-type":"","overlay-color":"","overlay-opacity":"","overlay-gradient":""}},"ast-content-background-meta":{"desktop":{"background-color":"var(--ast-global-color-5)","background-image":"","background-repeat":"repeat","background-position":"center center","background-size":"auto","background-attachment":"scroll","background-type":"","background-media":"","overlay-type":"","overlay-color":"","overlay-opacity":"","overlay-gradient":""},"tablet":{"background-color":"var(--ast-global-color-5)","background-image":"","background-repeat":"repeat","background-position":"center center","background-size":"auto","background-attachment":"scroll","background-type":"","background-media":"","overlay-type":"","overlay-color":"","overlay-opacity":"","overlay-gradient":""},"mobile":{"background-color":"var(--ast-global-color-5)","background-image":"","background-repeat":"repeat","background-position":"center center","background-size":"auto","background-attachment":"scroll","background-type":"","background-media":"","overlay-type":"","overlay-color":"","overlay-opacity":"","overlay-gradient":""}},"footnotes":""},"categories":[223,132],"tags":[],"realizzazione_categoria":[],"class_list":["post-44692","post","type-post","status-publish","format-standard","has-post-thumbnail","hentry","category-news-de","category-unkategorisiert"],"yoast_head":"<!-- This site is optimized with the Yoast SEO plugin v26.8 - https:\/\/yoast.com\/product\/yoast-seo-wordpress\/ -->\n<title>Die neue Etereo M\u00f6bel | MOMA Design<\/title>\n<meta name=\"description\" content=\"Die neue \u201eEtereo\u201c M\u00f6bel von MOMA Design verk\u00f6rpert dank seiner abgerundeten Ecken und der Wandbefestigung eine schwebende, elegante \u00c4sthetik.\" \/>\n<meta name=\"robots\" content=\"index, follow, max-snippet:-1, max-image-preview:large, max-video-preview:-1\" \/>\n<link rel=\"canonical\" href=\"https:\/\/www.moma-design.it\/de\/die-neue-etereo-moebel-von-moma-design\/\" \/>\n<meta property=\"og:locale\" content=\"de_DE\" \/>\n<meta property=\"og:type\" content=\"article\" \/>\n<meta property=\"og:title\" content=\"Die neue Etereo M\u00f6bel | MOMA Design\" \/>\n<meta property=\"og:description\" content=\"Die neue \u201eEtereo\u201c M\u00f6bel von MOMA Design verk\u00f6rpert dank seiner abgerundeten Ecken und der Wandbefestigung eine schwebende, elegante \u00c4sthetik.\" \/>\n<meta property=\"og:url\" content=\"https:\/\/www.moma-design.it\/de\/die-neue-etereo-moebel-von-moma-design\/\" \/>\n<meta property=\"og:site_name\" content=\"MOMA Design\" \/>\n<meta property=\"article:published_time\" content=\"2025-05-28T07:24:58+00:00\" \/>\n<meta property=\"article:modified_time\" content=\"2025-05-29T13:47:51+00:00\" \/>\n<meta property=\"og:image\" content=\"https:\/\/www.moma-design.it\/wp-content\/uploads\/2025\/05\/2_copertina-1920x800-1.jpg\" \/>\n\t<meta property=\"og:image:width\" content=\"1920\" \/>\n\t<meta property=\"og:image:height\" content=\"800\" \/>\n\t<meta property=\"og:image:type\" content=\"image\/jpeg\" \/>\n<meta name=\"author\" content=\"Michela Melissano\" \/>\n<meta name=\"twitter:card\" content=\"summary_large_image\" \/>\n<meta name=\"twitter:label1\" content=\"Verfasst von\" \/>\n\t<meta name=\"twitter:data1\" content=\"Michela Melissano\" \/>\n\t<meta name=\"twitter:label2\" content=\"Gesch\u00e4tzte Lesezeit\" \/>\n\t<meta name=\"twitter:data2\" content=\"4\u00a0Minuten\" \/>\n<script type=\"application\/ld+json\" class=\"yoast-schema-graph\">{\"@context\":\"https:\/\/schema.org\",\"@graph\":[{\"@type\":\"Article\",\"@id\":\"https:\/\/www.moma-design.it\/de\/die-neue-etereo-moebel-von-moma-design\/#article\",\"isPartOf\":{\"@id\":\"https:\/\/www.moma-design.it\/de\/die-neue-etereo-moebel-von-moma-design\/\"},\"author\":{\"name\":\"Michela Melissano\",\"@id\":\"https:\/\/www.moma-design.it\/#\/schema\/person\/75f17af98d2696602c12318522f82ba8\"},\"headline\":\"Die neue \u201eEtereo\u201c M\u00f6bel von MOMA Design\",\"datePublished\":\"2025-05-28T07:24:58+00:00\",\"dateModified\":\"2025-05-29T13:47:51+00:00\",\"mainEntityOfPage\":{\"@id\":\"https:\/\/www.moma-design.it\/de\/die-neue-etereo-moebel-von-moma-design\/\"},\"wordCount\":473,\"commentCount\":0,\"publisher\":{\"@id\":\"https:\/\/www.moma-design.it\/#organization\"},\"image\":{\"@id\":\"https:\/\/www.moma-design.it\/de\/die-neue-etereo-moebel-von-moma-design\/#primaryimage\"},\"thumbnailUrl\":\"https:\/\/www.moma-design.it\/wp-content\/uploads\/2025\/05\/2_copertina-1920x800-1.jpg\",\"articleSection\":[\"News\",\"Unkategorisiert\"],\"inLanguage\":\"de\",\"potentialAction\":[{\"@type\":\"CommentAction\",\"name\":\"Comment\",\"target\":[\"https:\/\/www.moma-design.it\/de\/die-neue-etereo-moebel-von-moma-design\/#respond\"]}]},{\"@type\":\"WebPage\",\"@id\":\"https:\/\/www.moma-design.it\/de\/die-neue-etereo-moebel-von-moma-design\/\",\"url\":\"https:\/\/www.moma-design.it\/de\/die-neue-etereo-moebel-von-moma-design\/\",\"name\":\"Die neue Etereo M\u00f6bel | MOMA Design\",\"isPartOf\":{\"@id\":\"https:\/\/www.moma-design.it\/#website\"},\"primaryImageOfPage\":{\"@id\":\"https:\/\/www.moma-design.it\/de\/die-neue-etereo-moebel-von-moma-design\/#primaryimage\"},\"image\":{\"@id\":\"https:\/\/www.moma-design.it\/de\/die-neue-etereo-moebel-von-moma-design\/#primaryimage\"},\"thumbnailUrl\":\"https:\/\/www.moma-design.it\/wp-content\/uploads\/2025\/05\/2_copertina-1920x800-1.jpg\",\"datePublished\":\"2025-05-28T07:24:58+00:00\",\"dateModified\":\"2025-05-29T13:47:51+00:00\",\"description\":\"Die neue \u201eEtereo\u201c M\u00f6bel von MOMA Design verk\u00f6rpert dank seiner abgerundeten Ecken und der Wandbefestigung eine schwebende, elegante \u00c4sthetik.\",\"breadcrumb\":{\"@id\":\"https:\/\/www.moma-design.it\/de\/die-neue-etereo-moebel-von-moma-design\/#breadcrumb\"},\"inLanguage\":\"de\",\"potentialAction\":[{\"@type\":\"ReadAction\",\"target\":[\"https:\/\/www.moma-design.it\/de\/die-neue-etereo-moebel-von-moma-design\/\"]}]},{\"@type\":\"ImageObject\",\"inLanguage\":\"de\",\"@id\":\"https:\/\/www.moma-design.it\/de\/die-neue-etereo-moebel-von-moma-design\/#primaryimage\",\"url\":\"https:\/\/www.moma-design.it\/wp-content\/uploads\/2025\/05\/2_copertina-1920x800-1.jpg\",\"contentUrl\":\"https:\/\/www.moma-design.it\/wp-content\/uploads\/2025\/05\/2_copertina-1920x800-1.jpg\",\"width\":1920,\"height\":800,\"caption\":\"mobile etereo in noce con frontali in vetro bronzato\"},{\"@type\":\"BreadcrumbList\",\"@id\":\"https:\/\/www.moma-design.it\/de\/die-neue-etereo-moebel-von-moma-design\/#breadcrumb\",\"itemListElement\":[{\"@type\":\"ListItem\",\"position\":1,\"name\":\"Home\",\"item\":\"https:\/\/www.moma-design.it\/\"},{\"@type\":\"ListItem\",\"position\":2,\"name\":\"Die neue \u201eEtereo\u201c M\u00f6bel von MOMA Design\"}]},{\"@type\":\"WebSite\",\"@id\":\"https:\/\/www.moma-design.it\/#website\",\"url\":\"https:\/\/www.moma-design.it\/\",\"name\":\"MOMA Design\",\"description\":\"\",\"publisher\":{\"@id\":\"https:\/\/www.moma-design.it\/#organization\"},\"potentialAction\":[{\"@type\":\"SearchAction\",\"target\":{\"@type\":\"EntryPoint\",\"urlTemplate\":\"https:\/\/www.moma-design.it\/?s={search_term_string}\"},\"query-input\":{\"@type\":\"PropertyValueSpecification\",\"valueRequired\":true,\"valueName\":\"search_term_string\"}}],\"inLanguage\":\"de\"},{\"@type\":\"Organization\",\"@id\":\"https:\/\/www.moma-design.it\/#organization\",\"name\":\"MOMA Design\",\"url\":\"https:\/\/www.moma-design.it\/\",\"logo\":{\"@type\":\"ImageObject\",\"inLanguage\":\"de\",\"@id\":\"https:\/\/www.moma-design.it\/#\/schema\/logo\/image\/\",\"url\":\"https:\/\/www.moma-design.it\/wp-content\/uploads\/2023\/07\/Logotipo-bianco-Moma-Design.png\",\"contentUrl\":\"https:\/\/www.moma-design.it\/wp-content\/uploads\/2023\/07\/Logotipo-bianco-Moma-Design.png\",\"width\":250,\"height\":150,\"caption\":\"MOMA Design\"},\"image\":{\"@id\":\"https:\/\/www.moma-design.it\/#\/schema\/logo\/image\/\"}},{\"@type\":\"Person\",\"@id\":\"https:\/\/www.moma-design.it\/#\/schema\/person\/75f17af98d2696602c12318522f82ba8\",\"name\":\"Michela Melissano\",\"image\":{\"@type\":\"ImageObject\",\"inLanguage\":\"de\",\"@id\":\"https:\/\/www.moma-design.it\/#\/schema\/person\/image\/\",\"url\":\"https:\/\/secure.gravatar.com\/avatar\/0621d8e5abd794b4e28548d00aaf935bf73b54d85ceb059b656bf4d97d6c1edc?s=96&d=mm&r=g\",\"contentUrl\":\"https:\/\/secure.gravatar.com\/avatar\/0621d8e5abd794b4e28548d00aaf935bf73b54d85ceb059b656bf4d97d6c1edc?s=96&d=mm&r=g\",\"caption\":\"Michela Melissano\"},\"url\":\"https:\/\/www.moma-design.it\/de\/author\/moma-design\/\"}]}<\/script>\n<!-- \/ Yoast SEO plugin. -->","yoast_head_json":{"title":"Die neue Etereo M\u00f6bel | MOMA Design","description":"Die neue \u201eEtereo\u201c M\u00f6bel von MOMA Design verk\u00f6rpert dank seiner abgerundeten Ecken und der Wandbefestigung eine schwebende, elegante \u00c4sthetik.","robots":{"index":"index","follow":"follow","max-snippet":"max-snippet:-1","max-image-preview":"max-image-preview:large","max-video-preview":"max-video-preview:-1"},"canonical":"https:\/\/www.moma-design.it\/de\/die-neue-etereo-moebel-von-moma-design\/","og_locale":"de_DE","og_type":"article","og_title":"Die neue Etereo M\u00f6bel | MOMA Design","og_description":"Die neue \u201eEtereo\u201c M\u00f6bel von MOMA Design verk\u00f6rpert dank seiner abgerundeten Ecken und der Wandbefestigung eine schwebende, elegante \u00c4sthetik.","og_url":"https:\/\/www.moma-design.it\/de\/die-neue-etereo-moebel-von-moma-design\/","og_site_name":"MOMA Design","article_published_time":"2025-05-28T07:24:58+00:00","article_modified_time":"2025-05-29T13:47:51+00:00","og_image":[{"width":1920,"height":800,"url":"https:\/\/www.moma-design.it\/wp-content\/uploads\/2025\/05\/2_copertina-1920x800-1.jpg","type":"image\/jpeg"}],"author":"Michela Melissano","twitter_card":"summary_large_image","twitter_misc":{"Verfasst von":"Michela Melissano","Gesch\u00e4tzte Lesezeit":"4\u00a0Minuten"},"schema":{"@context":"https:\/\/schema.org","@graph":[{"@type":"Article","@id":"https:\/\/www.moma-design.it\/de\/die-neue-etereo-moebel-von-moma-design\/#article","isPartOf":{"@id":"https:\/\/www.moma-design.it\/de\/die-neue-etereo-moebel-von-moma-design\/"},"author":{"name":"Michela Melissano","@id":"https:\/\/www.moma-design.it\/#\/schema\/person\/75f17af98d2696602c12318522f82ba8"},"headline":"Die neue \u201eEtereo\u201c M\u00f6bel von MOMA Design","datePublished":"2025-05-28T07:24:58+00:00","dateModified":"2025-05-29T13:47:51+00:00","mainEntityOfPage":{"@id":"https:\/\/www.moma-design.it\/de\/die-neue-etereo-moebel-von-moma-design\/"},"wordCount":473,"commentCount":0,"publisher":{"@id":"https:\/\/www.moma-design.it\/#organization"},"image":{"@id":"https:\/\/www.moma-design.it\/de\/die-neue-etereo-moebel-von-moma-design\/#primaryimage"},"thumbnailUrl":"https:\/\/www.moma-design.it\/wp-content\/uploads\/2025\/05\/2_copertina-1920x800-1.jpg","articleSection":["News","Unkategorisiert"],"inLanguage":"de","potentialAction":[{"@type":"CommentAction","name":"Comment","target":["https:\/\/www.moma-design.it\/de\/die-neue-etereo-moebel-von-moma-design\/#respond"]}]},{"@type":"WebPage","@id":"https:\/\/www.moma-design.it\/de\/die-neue-etereo-moebel-von-moma-design\/","url":"https:\/\/www.moma-design.it\/de\/die-neue-etereo-moebel-von-moma-design\/","name":"Die neue Etereo M\u00f6bel | MOMA Design","isPartOf":{"@id":"https:\/\/www.moma-design.it\/#website"},"primaryImageOfPage":{"@id":"https:\/\/www.moma-design.it\/de\/die-neue-etereo-moebel-von-moma-design\/#primaryimage"},"image":{"@id":"https:\/\/www.moma-design.it\/de\/die-neue-etereo-moebel-von-moma-design\/#primaryimage"},"thumbnailUrl":"https:\/\/www.moma-design.it\/wp-content\/uploads\/2025\/05\/2_copertina-1920x800-1.jpg","datePublished":"2025-05-28T07:24:58+00:00","dateModified":"2025-05-29T13:47:51+00:00","description":"Die neue \u201eEtereo\u201c M\u00f6bel von MOMA Design verk\u00f6rpert dank seiner abgerundeten Ecken und der Wandbefestigung eine schwebende, elegante \u00c4sthetik.","breadcrumb":{"@id":"https:\/\/www.moma-design.it\/de\/die-neue-etereo-moebel-von-moma-design\/#breadcrumb"},"inLanguage":"de","potentialAction":[{"@type":"ReadAction","target":["https:\/\/www.moma-design.it\/de\/die-neue-etereo-moebel-von-moma-design\/"]}]},{"@type":"ImageObject","inLanguage":"de","@id":"https:\/\/www.moma-design.it\/de\/die-neue-etereo-moebel-von-moma-design\/#primaryimage","url":"https:\/\/www.moma-design.it\/wp-content\/uploads\/2025\/05\/2_copertina-1920x800-1.jpg","contentUrl":"https:\/\/www.moma-design.it\/wp-content\/uploads\/2025\/05\/2_copertina-1920x800-1.jpg","width":1920,"height":800,"caption":"mobile etereo in noce con frontali in vetro bronzato"},{"@type":"BreadcrumbList","@id":"https:\/\/www.moma-design.it\/de\/die-neue-etereo-moebel-von-moma-design\/#breadcrumb","itemListElement":[{"@type":"ListItem","position":1,"name":"Home","item":"https:\/\/www.moma-design.it\/"},{"@type":"ListItem","position":2,"name":"Die neue \u201eEtereo\u201c M\u00f6bel von MOMA Design"}]},{"@type":"WebSite","@id":"https:\/\/www.moma-design.it\/#website","url":"https:\/\/www.moma-design.it\/","name":"MOMA Design","description":"","publisher":{"@id":"https:\/\/www.moma-design.it\/#organization"},"potentialAction":[{"@type":"SearchAction","target":{"@type":"EntryPoint","urlTemplate":"https:\/\/www.moma-design.it\/?s={search_term_string}"},"query-input":{"@type":"PropertyValueSpecification","valueRequired":true,"valueName":"search_term_string"}}],"inLanguage":"de"},{"@type":"Organization","@id":"https:\/\/www.moma-design.it\/#organization","name":"MOMA Design","url":"https:\/\/www.moma-design.it\/","logo":{"@type":"ImageObject","inLanguage":"de","@id":"https:\/\/www.moma-design.it\/#\/schema\/logo\/image\/","url":"https:\/\/www.moma-design.it\/wp-content\/uploads\/2023\/07\/Logotipo-bianco-Moma-Design.png","contentUrl":"https:\/\/www.moma-design.it\/wp-content\/uploads\/2023\/07\/Logotipo-bianco-Moma-Design.png","width":250,"height":150,"caption":"MOMA Design"},"image":{"@id":"https:\/\/www.moma-design.it\/#\/schema\/logo\/image\/"}},{"@type":"Person","@id":"https:\/\/www.moma-design.it\/#\/schema\/person\/75f17af98d2696602c12318522f82ba8","name":"Michela Melissano","image":{"@type":"ImageObject","inLanguage":"de","@id":"https:\/\/www.moma-design.it\/#\/schema\/person\/image\/","url":"https:\/\/secure.gravatar.com\/avatar\/0621d8e5abd794b4e28548d00aaf935bf73b54d85ceb059b656bf4d97d6c1edc?s=96&d=mm&r=g","contentUrl":"https:\/\/secure.gravatar.com\/avatar\/0621d8e5abd794b4e28548d00aaf935bf73b54d85ceb059b656bf4d97d6c1edc?s=96&d=mm&r=g","caption":"Michela Melissano"},"url":"https:\/\/www.moma-design.it\/de\/author\/moma-design\/"}]}},"_links":{"self":[{"href":"https:\/\/www.moma-design.it\/de\/wp-json\/wp\/v2\/posts\/44692","targetHints":{"allow":["GET"]}}],"collection":[{"href":"https:\/\/www.moma-design.it\/de\/wp-json\/wp\/v2\/posts"}],"about":[{"href":"https:\/\/www.moma-design.it\/de\/wp-json\/wp\/v2\/types\/post"}],"author":[{"embeddable":true,"href":"https:\/\/www.moma-design.it\/de\/wp-json\/wp\/v2\/users\/2"}],"replies":[{"embeddable":true,"href":"https:\/\/www.moma-design.it\/de\/wp-json\/wp\/v2\/comments?post=44692"}],"version-history":[{"count":5,"href":"https:\/\/www.moma-design.it\/de\/wp-json\/wp\/v2\/posts\/44692\/revisions"}],"predecessor-version":[{"id":44837,"href":"https:\/\/www.moma-design.it\/de\/wp-json\/wp\/v2\/posts\/44692\/revisions\/44837"}],"wp:featuredmedia":[{"embeddable":true,"href":"https:\/\/www.moma-design.it\/de\/wp-json\/wp\/v2\/media\/44289"}],"wp:attachment":[{"href":"https:\/\/www.moma-design.it\/de\/wp-json\/wp\/v2\/media?parent=44692"}],"wp:term":[{"taxonomy":"category","embeddable":true,"href":"https:\/\/www.moma-design.it\/de\/wp-json\/wp\/v2\/categories?post=44692"},{"taxonomy":"post_tag","embeddable":true,"href":"https:\/\/www.moma-design.it\/de\/wp-json\/wp\/v2\/tags?post=44692"},{"taxonomy":"realizzazione_categoria","embeddable":true,"href":"https:\/\/www.moma-design.it\/de\/wp-json\/wp\/v2\/realizzazione_categoria?post=44692"}],"curies":[{"name":"wp","href":"https:\/\/api.w.org\/{rel}","templated":true}]}}