{"id":42613,"date":"2024-10-31T14:04:21","date_gmt":"2024-10-31T13:04:21","guid":{"rendered":"https:\/\/www.moma-design.it\/?p=42613"},"modified":"2024-10-31T14:08:24","modified_gmt":"2024-10-31T13:08:24","slug":"die-rueckkehr-des-marmors-in-der-welt-der-moebel","status":"publish","type":"post","link":"https:\/\/www.moma-design.it\/de\/die-rueckkehr-des-marmors-in-der-welt-der-moebel\/","title":{"rendered":"Die R\u00fcckkehr des Marmors in der Welt der M\u00f6bel"},"content":{"rendered":"\n<p>Die R\u00fcckkehr des Marmors in die Welt der M\u00f6bel erfolgt nach einer l\u00e4ngeren Periode, in der modernere Materialien wie Kunstharz, Glas und Acryl die Innenarchitektur dominierten. In den letzten Jahren erleben wir eine echte Renaissance des Natursteins auch bei Badm\u00f6beln.<\/p>\n\n\n\n<p>Heute steht dieses wertvolle Naturmaterial dank seiner zeitlosen Eleganz und Vielseitigkeit wieder im Rampenlicht.<\/p>\n\n\n\n<p id=\"block-aa13e6dc-ad40-4d5c-b4d9-dcecb79f7605\">MOMA Design, immer auf der Hut vor den neuesten Trends, aber auch den soliden Traditionen des <em>Made in Italy<\/em> verpflichtet, hat es verstanden, den Marmor auf moderne Art und Weise neu zu interpretieren und ihn in Produkten wie M\u00f6beln, Waschbecken und Accessoires zu deklinieren, wobei er mit warmen H\u00f6lzern, aber auch mit ganz besonderen Lacken und Verarbeitungen kombiniert wird.<\/p>\n\n\n\n<p id=\"block-e29affd3-ebe0-41e8-a67a-5c51e8dcad70\">Doch was hat die Renaissance des Marmors in zeitgen\u00f6ssischen M\u00f6beln ausgel\u00f6st?<\/p>\n\n\n\n<h2 class=\"wp-block-heading\" id=\"block-1d0baec7-2691-4743-a8cf-8d358cba53b5\">Stil und Luxus: Marmor als Symbol der Raffinesse<\/h2>\n\n\n\n<p id=\"block-e00476b7-dafd-4e1b-9030-e66d82efd6ac\">Marmor wird seit jeher mit Eleganz und Luxus in Verbindung gebracht. Bereits im antiken Rom und Griechenland f\u00fcr den Bau von Geb\u00e4uden und Monumenten verwendet, hat dieses Material seine Faszination \u00fcber die Jahrhunderte hinweg bewahrt. In modernen Wohnumgebungen stellt Marmor ein besonderes Element dar, das jeden Raum durch sein einzigartiges Aussehen bereichern kann. Dank seiner nat\u00fcrlichen Maserung ist jede Marmorplatte ein Unikat, das ein Bad oder eine K\u00fcche in ein wahres Meisterwerk des Designs verwandelt, das seinesgleichen sucht.<\/p>\n\n\n\n<h2 class=\"wp-block-heading\" id=\"block-8b20dbc9-4162-47fd-826b-e521f6edae54\">Marmor im Badezimmer: eine trendige Wahl<\/h2>\n\n\n\n<p>Die R\u00fcckkehr des Marmors in die Welt der M\u00f6bel findet auch im Badezimmer statt, einem der Bereiche, in denen der Marmor zu neuem Leben erwacht ist. Marmoroberfl\u00e4chen erfreuen sich immer gr\u00f6\u00dferer Beliebtheit, vor allem in Luxuswohnungen und renommierten Hotels, da sie eine Atmosph\u00e4re von Komfort und Raffinesse schaffen. Aber auch mit einem kleineren Budget kann ein einziges Marmorelement die Attraktivit\u00e4t eines kleinen Badezimmers v\u00f6llig ver\u00e4ndern.<\/p>\n\n\n\n<p>Marmor kann f\u00fcr B\u00f6den, Wandverkleidungen, Waschbecken, Duschwannen und Badewannen verwendet werden. MOMA Design geht sogar noch weiter und macht Marmor zum unbestrittenen Protagonisten neuer M\u00f6belkollektionen, die als Platte oder sogar als tragende Struktur verwendet werden.<\/p>\n\n\n\n<p>Wir wollen herausfinden, welche Oberfl\u00e4chen am meisten gefragt sind, von den g\u00e4ngigsten bis zu den ungew\u00f6hnlichsten.<\/p>\n\n\n\n<h4 class=\"wp-block-heading\"><strong>Wei\u00dfer Carrara Marmor: der zeitlose Klassiker<\/strong><\/h4>\n\n\n\n<p>Zu den beliebtesten Sorten geh\u00f6rt der wei\u00dfe Carrara-Marmor, ein klassischer Stein, der sich sowohl in moderne als auch in traditionelle Umgebungen perfekt einf\u00fcgt. Dank seines reinen und leuchtenden Aussehens eignet sich Carrara-Marmor perfekt f\u00fcr die Gestaltung optisch auff\u00e4lliger B\u00e4der. Er bietet eine glatte und polierte Oberfl\u00e4che, die das Licht verst\u00e4rkt und ein Gef\u00fchl von Gro\u00dfz\u00fcgigkeit vermittelt.<\/p>\n\n\n\n<h4 class=\"wp-block-heading\"><strong>Aktuelle Trends: dunkle Marmore<\/strong><\/h4>\n\n\n\n<p>Neben dem klassischen Wei\u00df erfreuen sich auch dunkle Marmorarten wie Marquinia<strong>, <\/strong>Grey Stone oder Emperador wachsender Beliebtheit. Diese dunklen Farben verleihen dem Badezimmer einen Hauch von Dramatik und bilden einen starken Kontrast zu metallischen Elementen wie Gold- oder Chromarmaturen oder zu warmen H\u00f6lzern.<\/p>\n\n\n\n<div class=\"wp-block-columns is-layout-flex wp-container-core-columns-is-layout-28f84493 wp-block-columns-is-layout-flex\">\n<div class=\"wp-block-column is-layout-flow wp-block-column-is-layout-flow\">\n<figure class=\"wp-block-image size-full\"><img fetchpriority=\"high\" decoding=\"async\" width=\"400\" height=\"480\" src=\"https:\/\/www.moma-design.it\/wp-content\/uploads\/2024\/10\/1-400X480.jpg\" alt=\"\" class=\"wp-image-42572\" srcset=\"https:\/\/www.moma-design.it\/wp-content\/uploads\/2024\/10\/1-400X480.jpg 400w, https:\/\/www.moma-design.it\/wp-content\/uploads\/2024\/10\/1-400X480-333x400.jpg 333w, https:\/\/www.moma-design.it\/wp-content\/uploads\/2024\/10\/1-400X480-300x360.jpg 300w\" sizes=\"(max-width: 400px) 100vw, 400px\" \/><figcaption class=\"wp-element-caption\">Carrara wei\u00df<\/figcaption><\/figure>\n<\/div>\n\n\n\n<div class=\"wp-block-column is-layout-flow wp-block-column-is-layout-flow\">\n<figure class=\"wp-block-image size-full\"><img decoding=\"async\" width=\"400\" height=\"480\" src=\"https:\/\/www.moma-design.it\/wp-content\/uploads\/2024\/10\/3a-grey-stone-400x480-1.jpg\" alt=\"\" class=\"wp-image-42508\" srcset=\"https:\/\/www.moma-design.it\/wp-content\/uploads\/2024\/10\/3a-grey-stone-400x480-1.jpg 400w, https:\/\/www.moma-design.it\/wp-content\/uploads\/2024\/10\/3a-grey-stone-400x480-1-333x400.jpg 333w, https:\/\/www.moma-design.it\/wp-content\/uploads\/2024\/10\/3a-grey-stone-400x480-1-300x360.jpg 300w\" sizes=\"(max-width: 400px) 100vw, 400px\" \/><figcaption class=\"wp-element-caption\">Grey Stone<\/figcaption><\/figure>\n<\/div>\n\n\n\n<div class=\"wp-block-column is-layout-flow wp-block-column-is-layout-flow\">\n<figure class=\"wp-block-image size-full\"><img decoding=\"async\" width=\"400\" height=\"480\" src=\"https:\/\/www.moma-design.it\/wp-content\/uploads\/2024\/10\/3b-400x480-nero-marquinia.jpg\" alt=\"\" class=\"wp-image-42512\" srcset=\"https:\/\/www.moma-design.it\/wp-content\/uploads\/2024\/10\/3b-400x480-nero-marquinia.jpg 400w, https:\/\/www.moma-design.it\/wp-content\/uploads\/2024\/10\/3b-400x480-nero-marquinia-333x400.jpg 333w, https:\/\/www.moma-design.it\/wp-content\/uploads\/2024\/10\/3b-400x480-nero-marquinia-300x360.jpg 300w\" sizes=\"(max-width: 400px) 100vw, 400px\" \/><figcaption class=\"wp-element-caption\">Schwarz Marquinia<\/figcaption><\/figure>\n<\/div>\n<\/div>\n\n\n\n<h4 class=\"wp-block-heading\">Calacatta Oro, Zecevo, Lipica: helle Farben f\u00fcr ultrasanfte Effekte<strong><\/strong><\/h4>\n\n\n\n<div class=\"wp-block-group is-nowrap is-layout-flex wp-container-core-group-is-layout-6c531013 wp-block-group-is-layout-flex\">\n<div class=\"wp-block-columns is-layout-flex wp-container-core-columns-is-layout-28f84493 wp-block-columns-is-layout-flex\">\n<div class=\"wp-block-column is-vertically-aligned-center is-layout-flow wp-block-column-is-layout-flow\" style=\"flex-basis:60%\">\n<p>&#8222;Cremefarben\u201c sind seit jeher sehr beliebt, vor allem weil sie perfekt mit Holz harmonieren. Calacatta-Marmor ist eine feine Variante des Carrara-Marmors, eines wei\u00dfen Marmors apuanischen Ursprungs. Dieser Naturstein bietet eine einzigartige Kombination aus grauen, goldenen und wei\u00dfen Adern auf einem strahlend wei\u00dfen Hintergrund. Die flie\u00dfenden Adern und der Goldeffekt verleihen ein Gef\u00fchl von Prestige und Eleganz und machen Calacatta Oro zu einer idealen Wahl f\u00fcr Innenr\u00e4ume, da er gut mit k\u00fchlen T\u00f6nen harmoniert und selbst allzu eckige Formen abmildert.<\/p>\n\n\n\n<p>Zecevo ist ein wundersch\u00f6ner Marmor von der Balkanhalbinsel, der sich durch einen eleganten beigen Hintergrund und pastellbraune Adern von unterschiedlicher Intensit\u00e4t auszeichnet. Er ist kostbar und begehrt und bekannt f\u00fcr seine eher begrenzte Verf\u00fcgbarkeit sowie f\u00fcr seine unglaubliche St\u00e4rke und Haltbarkeit.<\/p>\n\n\n\n<p>Der Lipica-Marmor stammt aus Kroatien und weist ein sehr interessantes, por\u00f6ses Muster auf einem beige-grauen Hintergrund auf.<\/p>\n<\/div>\n\n\n\n<div class=\"wp-block-column is-vertically-aligned-center is-layout-flow wp-block-column-is-layout-flow\" style=\"flex-basis:40%\">\n<figure class=\"wp-block-image alignright size-full\"><img loading=\"lazy\" decoding=\"async\" width=\"400\" height=\"480\" src=\"https:\/\/www.moma-design.it\/wp-content\/uploads\/2024\/10\/2-400x480-1.jpg\" alt=\"Lipica marble\" class=\"wp-image-42504\" srcset=\"https:\/\/www.moma-design.it\/wp-content\/uploads\/2024\/10\/2-400x480-1.jpg 400w, https:\/\/www.moma-design.it\/wp-content\/uploads\/2024\/10\/2-400x480-1-333x400.jpg 333w, https:\/\/www.moma-design.it\/wp-content\/uploads\/2024\/10\/2-400x480-1-300x360.jpg 300w\" sizes=\"(max-width: 400px) 100vw, 400px\" \/><figcaption class=\"wp-element-caption\">Lipica Marmor<\/figcaption><\/figure>\n<\/div>\n<\/div>\n<\/div>\n\n\n\n<h4 class=\"wp-block-heading\"><strong>Die R\u00fcckkehr der antiken Steine: Travertin<\/strong><\/h4>\n\n\n\n<p>Travertin ist ein unglaublich widerstandsf\u00e4higer und kompakter Naturstein aus Mittelitalien, der seit jeher im Bauwesen weit verbreitet ist, so sehr, dass er f\u00fcr die wichtigsten r\u00f6mischen Monumente, wie das Kolosseum, verwendet wurde. Es handelt sich um ein por\u00f6ses Gestein (sichtbar an den charakteristischen Mikrol\u00f6chern des Travertins), dessen Farbe je nach den enthaltenen Oxiden variieren kann, wobei die vorherrschende Farbe das vielseitige Hellbeige bleibt, das ihn ber\u00fchmt gemacht hat. Obwohl er technisch und chemisch kein \u201eMarmor\u201c im engeren Sinne ist, wird er seit der r\u00f6mischen Antike mit Marmor in Verbindung gebracht.<\/p>\n\n\n\n<h4 class=\"wp-block-heading\"><strong>Luxuri\u00f6ser und seltener Marmor: Patagonia<\/strong><\/h4>\n\n\n\n<p>Patagonia ist ein sehr seltener Halbedelgranit aus Brasilien, da seine Zusammensetzung durch verschiedene nat\u00fcrliche Materialien gekennzeichnet ist, die im Laufe der Jahrhunderte durch Schichtungen zusammengepresst wurden. Dieser Granit vulkanischen Ursprungs ist im Allgemeinen von heller Farbe, durchsetzt mit Quarzitkristallen und unregelm\u00e4\u00dfigen Adern in auff\u00e4lligen, leuchtenden Farben, die von Braun bis Gold reichen.<\/p>\n\n\n\n<div class=\"wp-block-columns are-vertically-aligned-top is-layout-flex wp-container-core-columns-is-layout-28f84493 wp-block-columns-is-layout-flex\">\n<div class=\"wp-block-column is-vertically-aligned-top is-layout-flow wp-block-column-is-layout-flow\">\n<figure class=\"wp-block-image size-full\"><img loading=\"lazy\" decoding=\"async\" width=\"400\" height=\"480\" src=\"https:\/\/www.moma-design.it\/wp-content\/uploads\/2024\/10\/4-400x480-1.jpg\" alt=\"\" class=\"wp-image-42516\" srcset=\"https:\/\/www.moma-design.it\/wp-content\/uploads\/2024\/10\/4-400x480-1.jpg 400w, https:\/\/www.moma-design.it\/wp-content\/uploads\/2024\/10\/4-400x480-1-333x400.jpg 333w, https:\/\/www.moma-design.it\/wp-content\/uploads\/2024\/10\/4-400x480-1-300x360.jpg 300w\" sizes=\"(max-width: 400px) 100vw, 400px\" \/><figcaption class=\"wp-element-caption\">Travertin<\/figcaption><\/figure>\n<\/div>\n\n\n\n<div class=\"wp-block-column is-vertically-aligned-top is-layout-flow wp-block-column-is-layout-flow\">\n<figure class=\"wp-block-image size-full is-resized\"><img loading=\"lazy\" decoding=\"async\" width=\"480\" height=\"400\" src=\"https:\/\/www.moma-design.it\/wp-content\/uploads\/2024\/10\/5-400x480-1-e1730112527122.jpg\" alt=\"\" class=\"wp-image-42520\" style=\"width:541px;height:auto\" srcset=\"https:\/\/www.moma-design.it\/wp-content\/uploads\/2024\/10\/5-400x480-1-e1730112527122.jpg 480w, https:\/\/www.moma-design.it\/wp-content\/uploads\/2024\/10\/5-400x480-1-e1730112527122-400x333.jpg 400w, https:\/\/www.moma-design.it\/wp-content\/uploads\/2024\/10\/5-400x480-1-e1730112527122-300x250.jpg 300w\" sizes=\"(max-width: 480px) 100vw, 480px\" \/><figcaption class=\"wp-element-caption\">Patagonia Marmor<\/figcaption><\/figure>\n<\/div>\n<\/div>\n\n\n\n<h2 class=\"wp-block-heading\" id=\"block-1d0baec7-2691-4743-a8cf-8d358cba53b5\">MOMA DESIGN VORSCHL\u00c4GE<\/h2>\n\n\n\n<p id=\"block-e00476b7-dafd-4e1b-9030-e66d82efd6ac\">Der Naturstein ist der Star der neuen M\u00f6belkollektionen von MOMA Design, die auf diese Weise die R\u00fcckkehr des Marmors in die Welt der M\u00f6bel feiern.<\/p>\n\n\n\n<p>Die Kollektionen <a href=\"https:\/\/www.moma-design.it\/de\/produkt\/eclipse\/\">ECLIPSE<\/a> und <a href=\"https:\/\/www.moma-design.it\/de\/produkt\/eclectic\/\">ECLECTIC<\/a>, die sich durch ihre abgerundeten Seiten auszeichnen, k\u00f6nnen eine Marmorplatte nach Wahl des Kunden aufnehmen, kombiniert mit Aufsatzwaschbecken, ebenfalls aus Marmor, oder aus wei\u00dfem Solid Surface. Die Marmorplatten sind perfekt auf die von MOMA Design verwendeten H\u00f6lzer abgestimmt, wie z.B. Eiche natur (glatt oder geriffelt), Nussbaum Canaletto (glatt oder geriffelt) oder MDF matt lackiert, in den vielen Farben unserer Palette, immer in glatter oder geriffelter Ausf\u00fchrung. Diese M\u00f6belst\u00fccke eignen sich auch hervorragend als Sideboards und finden so \u00fcber die Grenzen des Badezimmers hinaus auch in eleganten Fluren oder Schlafzimmern Platz.<\/p>\n\n\n\n<div class=\"wp-block-columns alignwide is-layout-flex wp-container-core-columns-is-layout-28f84493 wp-block-columns-is-layout-flex\">\n<div class=\"wp-block-column is-layout-flow wp-block-column-is-layout-flow\">\n<figure class=\"wp-block-image aligncenter size-full\"><img loading=\"lazy\" decoding=\"async\" width=\"450\" height=\"450\" src=\"https:\/\/www.moma-design.it\/wp-content\/uploads\/2024\/10\/6-450x450-1.jpg\" alt=\"\" class=\"wp-image-42524\" srcset=\"https:\/\/www.moma-design.it\/wp-content\/uploads\/2024\/10\/6-450x450-1.jpg 450w, https:\/\/www.moma-design.it\/wp-content\/uploads\/2024\/10\/6-450x450-1-400x400.jpg 400w, https:\/\/www.moma-design.it\/wp-content\/uploads\/2024\/10\/6-450x450-1-150x150.jpg 150w, https:\/\/www.moma-design.it\/wp-content\/uploads\/2024\/10\/6-450x450-1-300x300.jpg 300w, https:\/\/www.moma-design.it\/wp-content\/uploads\/2024\/10\/6-450x450-1-100x100.jpg 100w\" sizes=\"(max-width: 450px) 100vw, 450px\" \/><\/figure>\n<\/div>\n\n\n\n<div class=\"wp-block-column is-layout-flow wp-block-column-is-layout-flow\">\n<figure class=\"wp-block-image aligncenter size-full\"><img loading=\"lazy\" decoding=\"async\" width=\"450\" height=\"450\" src=\"https:\/\/www.moma-design.it\/wp-content\/uploads\/2024\/10\/7-450x450-1.jpg\" alt=\"\" class=\"wp-image-42528\" srcset=\"https:\/\/www.moma-design.it\/wp-content\/uploads\/2024\/10\/7-450x450-1.jpg 450w, https:\/\/www.moma-design.it\/wp-content\/uploads\/2024\/10\/7-450x450-1-400x400.jpg 400w, https:\/\/www.moma-design.it\/wp-content\/uploads\/2024\/10\/7-450x450-1-150x150.jpg 150w, https:\/\/www.moma-design.it\/wp-content\/uploads\/2024\/10\/7-450x450-1-300x300.jpg 300w, https:\/\/www.moma-design.it\/wp-content\/uploads\/2024\/10\/7-450x450-1-100x100.jpg 100w\" sizes=\"(max-width: 450px) 100vw, 450px\" \/><\/figure>\n<\/div>\n\n\n\n<div class=\"wp-block-column is-layout-flow wp-block-column-is-layout-flow\">\n<figure class=\"wp-block-image aligncenter size-full\"><img loading=\"lazy\" decoding=\"async\" width=\"450\" height=\"450\" src=\"https:\/\/www.moma-design.it\/wp-content\/uploads\/2024\/10\/8-450x450-1.jpg\" alt=\"\" class=\"wp-image-42532\" srcset=\"https:\/\/www.moma-design.it\/wp-content\/uploads\/2024\/10\/8-450x450-1.jpg 450w, https:\/\/www.moma-design.it\/wp-content\/uploads\/2024\/10\/8-450x450-1-400x400.jpg 400w, https:\/\/www.moma-design.it\/wp-content\/uploads\/2024\/10\/8-450x450-1-150x150.jpg 150w, https:\/\/www.moma-design.it\/wp-content\/uploads\/2024\/10\/8-450x450-1-300x300.jpg 300w, https:\/\/www.moma-design.it\/wp-content\/uploads\/2024\/10\/8-450x450-1-100x100.jpg 100w\" sizes=\"(max-width: 450px) 100vw, 450px\" \/><\/figure>\n<\/div>\n<\/div>\n\n\n\n<p>In der Kollektion <a href=\"https:\/\/www.moma-design.it\/de\/produkt\/excellent\/\">EXCELLENT<\/a> ist der Marmor noch dominanter, da er die tragende Struktur des gesamten Schranks bildet und die Aufbewahrungselemente einschlie\u00dft. Die Schubladen k\u00f6nnen aus Holz oder bronziertem Glas bestehen, eine perfekte Kombination mit der Kostbarkeit des Marmors. Bei der Variante <a href=\"https:\/\/www.moma-design.it\/de\/produkt\/excellent-glass-plus\/\">EXCELLENT GLASS PLUS<\/a> ist der Boden des Waschbeckens aus der Marmorplatte ausgeh\u00f6hlt, und die Glasw\u00e4nde sind in die Platte \u201eeingelassen\u201c.<\/p>\n\n\n\n<div class=\"wp-block-columns alignwide is-layout-flex wp-container-core-columns-is-layout-28f84493 wp-block-columns-is-layout-flex\">\n<div class=\"wp-block-column is-layout-flow wp-block-column-is-layout-flow\">\n<figure class=\"wp-block-image aligncenter size-full\"><img loading=\"lazy\" decoding=\"async\" width=\"450\" height=\"450\" src=\"https:\/\/www.moma-design.it\/wp-content\/uploads\/2024\/10\/9-450x450-1.jpg\" alt=\"\" class=\"wp-image-42536\" srcset=\"https:\/\/www.moma-design.it\/wp-content\/uploads\/2024\/10\/9-450x450-1.jpg 450w, https:\/\/www.moma-design.it\/wp-content\/uploads\/2024\/10\/9-450x450-1-400x400.jpg 400w, https:\/\/www.moma-design.it\/wp-content\/uploads\/2024\/10\/9-450x450-1-150x150.jpg 150w, https:\/\/www.moma-design.it\/wp-content\/uploads\/2024\/10\/9-450x450-1-300x300.jpg 300w, https:\/\/www.moma-design.it\/wp-content\/uploads\/2024\/10\/9-450x450-1-100x100.jpg 100w\" sizes=\"(max-width: 450px) 100vw, 450px\" \/><\/figure>\n<\/div>\n\n\n\n<div class=\"wp-block-column is-layout-flow wp-block-column-is-layout-flow\">\n<figure class=\"wp-block-image aligncenter size-full\"><img loading=\"lazy\" decoding=\"async\" width=\"450\" height=\"450\" src=\"https:\/\/www.moma-design.it\/wp-content\/uploads\/2024\/10\/10-450x450-1.jpg\" alt=\"\" class=\"wp-image-42540\" srcset=\"https:\/\/www.moma-design.it\/wp-content\/uploads\/2024\/10\/10-450x450-1.jpg 450w, https:\/\/www.moma-design.it\/wp-content\/uploads\/2024\/10\/10-450x450-1-400x400.jpg 400w, https:\/\/www.moma-design.it\/wp-content\/uploads\/2024\/10\/10-450x450-1-150x150.jpg 150w, https:\/\/www.moma-design.it\/wp-content\/uploads\/2024\/10\/10-450x450-1-300x300.jpg 300w, https:\/\/www.moma-design.it\/wp-content\/uploads\/2024\/10\/10-450x450-1-100x100.jpg 100w\" sizes=\"(max-width: 450px) 100vw, 450px\" \/><\/figure>\n<\/div>\n\n\n\n<div class=\"wp-block-column is-layout-flow wp-block-column-is-layout-flow\">\n<figure class=\"wp-block-image aligncenter size-full\"><img loading=\"lazy\" decoding=\"async\" width=\"450\" height=\"450\" src=\"https:\/\/www.moma-design.it\/wp-content\/uploads\/2024\/10\/11-450x450-1.jpg\" alt=\"\" class=\"wp-image-42544\" srcset=\"https:\/\/www.moma-design.it\/wp-content\/uploads\/2024\/10\/11-450x450-1.jpg 450w, https:\/\/www.moma-design.it\/wp-content\/uploads\/2024\/10\/11-450x450-1-400x400.jpg 400w, https:\/\/www.moma-design.it\/wp-content\/uploads\/2024\/10\/11-450x450-1-150x150.jpg 150w, https:\/\/www.moma-design.it\/wp-content\/uploads\/2024\/10\/11-450x450-1-300x300.jpg 300w, https:\/\/www.moma-design.it\/wp-content\/uploads\/2024\/10\/11-450x450-1-100x100.jpg 100w\" sizes=\"(max-width: 450px) 100vw, 450px\" \/><\/figure>\n<\/div>\n<\/div>\n\n\n\n<p>Marmor findet sich auch in weich geformten Aufsatzwaschbecken und in freistehenden Waschbecken mit einer durchbrochenen Holzs\u00e4ule, die fixiert oder durch Schiebet\u00fcren ge\u00f6ffnet werden kann. Aus Marmor lassen sich auch <a href=\"https:\/\/www.moma-design.it\/de\/produkt\/hedonist\/\">Abdeckungen mit integrierten quadratischen Waschbecken<\/a> herstellen, die vor allem im Ausland sehr beliebt sind.<\/p>\n\n\n\n<div class=\"wp-block-columns alignwide is-layout-flex wp-container-core-columns-is-layout-28f84493 wp-block-columns-is-layout-flex\">\n<div class=\"wp-block-column is-layout-flow wp-block-column-is-layout-flow\">\n<figure class=\"wp-block-image aligncenter size-full\"><img loading=\"lazy\" decoding=\"async\" width=\"450\" height=\"450\" src=\"https:\/\/www.moma-design.it\/wp-content\/uploads\/2024\/10\/12-450x450-1.jpg\" alt=\"\" class=\"wp-image-42548\" srcset=\"https:\/\/www.moma-design.it\/wp-content\/uploads\/2024\/10\/12-450x450-1.jpg 450w, https:\/\/www.moma-design.it\/wp-content\/uploads\/2024\/10\/12-450x450-1-400x400.jpg 400w, https:\/\/www.moma-design.it\/wp-content\/uploads\/2024\/10\/12-450x450-1-150x150.jpg 150w, https:\/\/www.moma-design.it\/wp-content\/uploads\/2024\/10\/12-450x450-1-300x300.jpg 300w, https:\/\/www.moma-design.it\/wp-content\/uploads\/2024\/10\/12-450x450-1-100x100.jpg 100w\" sizes=\"(max-width: 450px) 100vw, 450px\" \/><\/figure>\n<\/div>\n\n\n\n<div class=\"wp-block-column is-layout-flow wp-block-column-is-layout-flow\">\n<figure class=\"wp-block-image aligncenter size-full\"><img loading=\"lazy\" decoding=\"async\" width=\"450\" height=\"450\" src=\"https:\/\/www.moma-design.it\/wp-content\/uploads\/2024\/04\/tower-edo.jpg\" alt=\"moma design tower edo marble salone del mobile 2024\" class=\"wp-image-41424\" srcset=\"https:\/\/www.moma-design.it\/wp-content\/uploads\/2024\/04\/tower-edo.jpg 450w, https:\/\/www.moma-design.it\/wp-content\/uploads\/2024\/04\/tower-edo-400x400.jpg 400w, https:\/\/www.moma-design.it\/wp-content\/uploads\/2024\/04\/tower-edo-150x150.jpg 150w, https:\/\/www.moma-design.it\/wp-content\/uploads\/2024\/04\/tower-edo-300x300.jpg 300w, https:\/\/www.moma-design.it\/wp-content\/uploads\/2024\/04\/tower-edo-100x100.jpg 100w\" sizes=\"(max-width: 450px) 100vw, 450px\" \/><\/figure>\n<\/div>\n\n\n\n<div class=\"wp-block-column is-layout-flow wp-block-column-is-layout-flow\">\n<figure class=\"wp-block-image aligncenter size-full\"><img loading=\"lazy\" decoding=\"async\" width=\"450\" height=\"450\" src=\"https:\/\/www.moma-design.it\/wp-content\/uploads\/2024\/10\/14-450x450-1.jpg\" alt=\"\" class=\"wp-image-42560\" srcset=\"https:\/\/www.moma-design.it\/wp-content\/uploads\/2024\/10\/14-450x450-1.jpg 450w, https:\/\/www.moma-design.it\/wp-content\/uploads\/2024\/10\/14-450x450-1-400x400.jpg 400w, https:\/\/www.moma-design.it\/wp-content\/uploads\/2024\/10\/14-450x450-1-150x150.jpg 150w, https:\/\/www.moma-design.it\/wp-content\/uploads\/2024\/10\/14-450x450-1-300x300.jpg 300w, https:\/\/www.moma-design.it\/wp-content\/uploads\/2024\/10\/14-450x450-1-100x100.jpg 100w\" sizes=\"(max-width: 450px) 100vw, 450px\" \/><\/figure>\n<\/div>\n<\/div>\n\n\n\n<div class=\"wp-block-columns is-layout-flex wp-container-core-columns-is-layout-28f84493 wp-block-columns-is-layout-flex\">\n<div class=\"wp-block-column is-layout-flow wp-block-column-is-layout-flow\" style=\"flex-basis:33.33%\">\n<p><\/p>\n\n\n\n<p><\/p>\n\n\n\n<p>Aber auch in kleinen Objekten, die selbst dem einfachsten Waschbecken einen schicken Akzent verleihen k\u00f6nnen, findet Marmor oft Verwendung. MOMA Design bietet zum Beispiel Regale an, die als Ablagefl\u00e4chen oder als Regale mit integrierten Objekthaltern verwendet werden k\u00f6nnen.<\/p>\n<\/div>\n\n\n\n<div class=\"wp-block-column is-layout-flow wp-block-column-is-layout-flow\" style=\"flex-basis:66.66%\">\n<div class=\"wp-block-columns is-layout-flex wp-container-core-columns-is-layout-28f84493 wp-block-columns-is-layout-flex\">\n<div class=\"wp-block-column is-layout-flow wp-block-column-is-layout-flow\">\n<figure class=\"wp-block-image size-full\"><img loading=\"lazy\" decoding=\"async\" width=\"450\" height=\"450\" src=\"https:\/\/www.moma-design.it\/wp-content\/uploads\/2024\/10\/16-450x450-1.jpg\" alt=\"\" class=\"wp-image-42568\" srcset=\"https:\/\/www.moma-design.it\/wp-content\/uploads\/2024\/10\/16-450x450-1.jpg 450w, https:\/\/www.moma-design.it\/wp-content\/uploads\/2024\/10\/16-450x450-1-400x400.jpg 400w, https:\/\/www.moma-design.it\/wp-content\/uploads\/2024\/10\/16-450x450-1-150x150.jpg 150w, https:\/\/www.moma-design.it\/wp-content\/uploads\/2024\/10\/16-450x450-1-300x300.jpg 300w, https:\/\/www.moma-design.it\/wp-content\/uploads\/2024\/10\/16-450x450-1-100x100.jpg 100w\" sizes=\"(max-width: 450px) 100vw, 450px\" \/><\/figure>\n<\/div>\n\n\n\n<div class=\"wp-block-column is-layout-flow wp-block-column-is-layout-flow\">\n<figure class=\"wp-block-image size-full\"><img loading=\"lazy\" decoding=\"async\" width=\"450\" height=\"450\" src=\"https:\/\/www.moma-design.it\/wp-content\/uploads\/2024\/10\/15-450x450-1.jpg\" alt=\"\" class=\"wp-image-42564\" srcset=\"https:\/\/www.moma-design.it\/wp-content\/uploads\/2024\/10\/15-450x450-1.jpg 450w, https:\/\/www.moma-design.it\/wp-content\/uploads\/2024\/10\/15-450x450-1-400x400.jpg 400w, https:\/\/www.moma-design.it\/wp-content\/uploads\/2024\/10\/15-450x450-1-150x150.jpg 150w, https:\/\/www.moma-design.it\/wp-content\/uploads\/2024\/10\/15-450x450-1-300x300.jpg 300w, https:\/\/www.moma-design.it\/wp-content\/uploads\/2024\/10\/15-450x450-1-100x100.jpg 100w\" sizes=\"(max-width: 450px) 100vw, 450px\" \/><\/figure>\n<\/div>\n<\/div>\n<\/div>\n<\/div>\n\n\n\n<h2 class=\"wp-block-heading\" id=\"block-1d0baec7-2691-4743-a8cf-8d358cba53b5\">DIE VORTEILE VON MARMOR: NACHHALTIGKEIT, LANGLEBIGKEIT, ORIGINALIT\u00c4T<\/h2>\n\n\n\n<p>Neben seinem \u00e4sthetischen Erscheinungsbild ist Marmor auch eine nachhaltige und langlebige Wahl. Als Naturstein kann Marmor auf umweltfreundliche Weise abgebaut werden und ist dank seiner Langlebigkeit eine langfristige Investition f\u00fcr alle, die ein langlebiges Material w\u00fcnschen. Dar\u00fcber hinaus verringern moderne Marmorabbau- und -verarbeitungstechnologien die Auswirkungen auf die Umwelt, so dass Marmor nicht nur eine \u00e4sthetische, sondern auch eine ethische Wahl ist.<\/p>\n\n\n\n<p>Die Pflege von Marmor ist daher recht einfach, wobei darauf zu achten ist, dass er nicht mit aggressiven chemischen Mitteln gereinigt wird, die sein Aussehen beeintr\u00e4chtigen k\u00f6nnen: Verzichten Sie also auf \u00e4tzende Anti-Kalk-Produkte und verwenden Sie stattdessen weiche, feuchte T\u00fccher und milde Seifen.<\/p>\n\n\n\n<p>Die R\u00fcckkehr des Marmors in der Welt der M\u00f6bel und insbesondere in die Welt der Badezimmerm\u00f6bel best\u00e4tigt seine F\u00e4higkeit, ein trendiges Material zu bleiben, das sich den Ver\u00e4nderungen im Design und den Bed\u00fcrfnissen der modernen Verbraucher anpasst. Dies liegt letztlich daran, dass Marmor ein Material ist, das Lebensr\u00e4ume einzigartig macht. Ob es sich um eine eher klassische Ausf\u00fchrung oder um eine gewagte Farb- und Strukturwahl handelt, dieses Material schafft es immer, R\u00e4umen eine zeitlose Eleganz zu verleihen und gew\u00f6hnliche R\u00e4ume in Oasen des Luxus und der Raffinesse zu verwandeln.<\/p>\n\n\n\n<p>Wer sich f\u00fcr Marmor entscheidet, w\u00e4hlt ein edles, vielseitiges und langlebiges Material, das jeden Raum in der Wohnung mit seinem nat\u00fcrlichen und unnachahmlichen Charme bereichern kann.<\/p>\n\n\n\n<p>Wenn Sie dieses unglaubliche Material in Ihrem Haus einsetzen m\u00f6chten, kann MOMA Design Sie beraten.<\/p>\n","protected":false},"excerpt":{"rendered":"<p>Die R\u00fcckkehr des Marmors in der Welt der M\u00f6bel betrifft auch die Badezimmerm\u00f6bel, und zwar dank innovativer L\u00f6sungen, aber mit klassischen Oberfl\u00e4chen.<\/p>\n","protected":false},"author":2,"featured_media":42598,"comment_status":"open","ping_status":"open","sticky":false,"template":"","format":"standard","meta":{"site-sidebar-layout":"default","site-content-layout":"","ast-site-content-layout":"default","site-content-style":"default","site-sidebar-style":"default","ast-global-header-display":"","ast-banner-title-visibility":"","ast-main-header-display":"","ast-hfb-above-header-display":"","ast-hfb-below-header-display":"","ast-hfb-mobile-header-display":"","site-post-title":"","ast-breadcrumbs-content":"","ast-featured-img":"","footer-sml-layout":"","ast-disable-related-posts":"","theme-transparent-header-meta":"","adv-header-id-meta":"","stick-header-meta":"","header-above-stick-meta":"","header-main-stick-meta":"","header-below-stick-meta":"","astra-migrate-meta-layouts":"set","ast-page-background-enabled":"default","ast-page-background-meta":{"desktop":{"background-color":"var(--ast-global-color-4)","background-image":"","background-repeat":"repeat","background-position":"center center","background-size":"auto","background-attachment":"scroll","background-type":"","background-media":"","overlay-type":"","overlay-color":"","overlay-opacity":"","overlay-gradient":""},"tablet":{"background-color":"","background-image":"","background-repeat":"repeat","background-position":"center center","background-size":"auto","background-attachment":"scroll","background-type":"","background-media":"","overlay-type":"","overlay-color":"","overlay-opacity":"","overlay-gradient":""},"mobile":{"background-color":"","background-image":"","background-repeat":"repeat","background-position":"center center","background-size":"auto","background-attachment":"scroll","background-type":"","background-media":"","overlay-type":"","overlay-color":"","overlay-opacity":"","overlay-gradient":""}},"ast-content-background-meta":{"desktop":{"background-color":"var(--ast-global-color-5)","background-image":"","background-repeat":"repeat","background-position":"center center","background-size":"auto","background-attachment":"scroll","background-type":"","background-media":"","overlay-type":"","overlay-color":"","overlay-opacity":"","overlay-gradient":""},"tablet":{"background-color":"var(--ast-global-color-5)","background-image":"","background-repeat":"repeat","background-position":"center center","background-size":"auto","background-attachment":"scroll","background-type":"","background-media":"","overlay-type":"","overlay-color":"","overlay-opacity":"","overlay-gradient":""},"mobile":{"background-color":"var(--ast-global-color-5)","background-image":"","background-repeat":"repeat","background-position":"center center","background-size":"auto","background-attachment":"scroll","background-type":"","background-media":"","overlay-type":"","overlay-color":"","overlay-opacity":"","overlay-gradient":""}},"footnotes":""},"categories":[223],"tags":[],"realizzazione_categoria":[],"class_list":["post-42613","post","type-post","status-publish","format-standard","has-post-thumbnail","hentry","category-news-de"],"yoast_head":"<!-- This site is optimized with the Yoast SEO plugin v26.8 - https:\/\/yoast.com\/product\/yoast-seo-wordpress\/ -->\n<title>Die R\u00fcckkehr des Marmors in der Welt der M\u00f6bel | MOMA Design<\/title>\n<meta name=\"description\" content=\"Die R\u00fcckkehr des Marmors in der Welt der M\u00f6bel betrifft auch die Badezimmer, dank innovativer L\u00f6sungen, aber mit klassischen Oberfl\u00e4chen.\" \/>\n<meta name=\"robots\" content=\"index, follow, max-snippet:-1, max-image-preview:large, max-video-preview:-1\" \/>\n<link rel=\"canonical\" href=\"https:\/\/www.moma-design.it\/de\/die-rueckkehr-des-marmors-in-der-welt-der-moebel\/\" \/>\n<meta property=\"og:locale\" content=\"de_DE\" \/>\n<meta property=\"og:type\" content=\"article\" \/>\n<meta property=\"og:title\" content=\"Die R\u00fcckkehr des Marmors in der Welt der M\u00f6bel | MOMA Design\" \/>\n<meta property=\"og:description\" content=\"Die R\u00fcckkehr des Marmors in der Welt der M\u00f6bel betrifft auch die Badezimmer, dank innovativer L\u00f6sungen, aber mit klassischen Oberfl\u00e4chen.\" \/>\n<meta property=\"og:url\" content=\"https:\/\/www.moma-design.it\/de\/die-rueckkehr-des-marmors-in-der-welt-der-moebel\/\" \/>\n<meta property=\"og:site_name\" content=\"MOMA Design\" \/>\n<meta property=\"article:published_time\" content=\"2024-10-31T13:04:21+00:00\" \/>\n<meta property=\"article:modified_time\" content=\"2024-10-31T13:08:24+00:00\" \/>\n<meta property=\"og:image\" content=\"https:\/\/www.moma-design.it\/wp-content\/uploads\/2024\/10\/COPERTINA-700x450-1.jpg\" \/>\n\t<meta property=\"og:image:width\" content=\"700\" \/>\n\t<meta property=\"og:image:height\" content=\"450\" \/>\n\t<meta property=\"og:image:type\" content=\"image\/jpeg\" \/>\n<meta name=\"author\" content=\"Michela Melissano\" \/>\n<meta name=\"twitter:card\" content=\"summary_large_image\" \/>\n<meta name=\"twitter:label1\" content=\"Verfasst von\" \/>\n\t<meta name=\"twitter:data1\" content=\"Michela Melissano\" \/>\n\t<meta name=\"twitter:label2\" content=\"Gesch\u00e4tzte Lesezeit\" \/>\n\t<meta name=\"twitter:data2\" content=\"11\u00a0Minuten\" \/>\n<script type=\"application\/ld+json\" class=\"yoast-schema-graph\">{\"@context\":\"https:\/\/schema.org\",\"@graph\":[{\"@type\":\"Article\",\"@id\":\"https:\/\/www.moma-design.it\/de\/die-rueckkehr-des-marmors-in-der-welt-der-moebel\/#article\",\"isPartOf\":{\"@id\":\"https:\/\/www.moma-design.it\/de\/die-rueckkehr-des-marmors-in-der-welt-der-moebel\/\"},\"author\":{\"name\":\"Michela Melissano\",\"@id\":\"https:\/\/www.moma-design.it\/#\/schema\/person\/75f17af98d2696602c12318522f82ba8\"},\"headline\":\"Die R\u00fcckkehr des Marmors in der Welt der M\u00f6bel\",\"datePublished\":\"2024-10-31T13:04:21+00:00\",\"dateModified\":\"2024-10-31T13:08:24+00:00\",\"mainEntityOfPage\":{\"@id\":\"https:\/\/www.moma-design.it\/de\/die-rueckkehr-des-marmors-in-der-welt-der-moebel\/\"},\"wordCount\":1382,\"commentCount\":0,\"publisher\":{\"@id\":\"https:\/\/www.moma-design.it\/#organization\"},\"image\":{\"@id\":\"https:\/\/www.moma-design.it\/de\/die-rueckkehr-des-marmors-in-der-welt-der-moebel\/#primaryimage\"},\"thumbnailUrl\":\"https:\/\/www.moma-design.it\/wp-content\/uploads\/2024\/10\/COPERTINA-700x450-1.jpg\",\"articleSection\":[\"News\"],\"inLanguage\":\"de\",\"potentialAction\":[{\"@type\":\"CommentAction\",\"name\":\"Comment\",\"target\":[\"https:\/\/www.moma-design.it\/de\/die-rueckkehr-des-marmors-in-der-welt-der-moebel\/#respond\"]}]},{\"@type\":\"WebPage\",\"@id\":\"https:\/\/www.moma-design.it\/de\/die-rueckkehr-des-marmors-in-der-welt-der-moebel\/\",\"url\":\"https:\/\/www.moma-design.it\/de\/die-rueckkehr-des-marmors-in-der-welt-der-moebel\/\",\"name\":\"Die R\u00fcckkehr des Marmors in der Welt der M\u00f6bel | MOMA Design\",\"isPartOf\":{\"@id\":\"https:\/\/www.moma-design.it\/#website\"},\"primaryImageOfPage\":{\"@id\":\"https:\/\/www.moma-design.it\/de\/die-rueckkehr-des-marmors-in-der-welt-der-moebel\/#primaryimage\"},\"image\":{\"@id\":\"https:\/\/www.moma-design.it\/de\/die-rueckkehr-des-marmors-in-der-welt-der-moebel\/#primaryimage\"},\"thumbnailUrl\":\"https:\/\/www.moma-design.it\/wp-content\/uploads\/2024\/10\/COPERTINA-700x450-1.jpg\",\"datePublished\":\"2024-10-31T13:04:21+00:00\",\"dateModified\":\"2024-10-31T13:08:24+00:00\",\"description\":\"Die R\u00fcckkehr des Marmors in der Welt der M\u00f6bel betrifft auch die Badezimmer, dank innovativer L\u00f6sungen, aber mit klassischen Oberfl\u00e4chen.\",\"breadcrumb\":{\"@id\":\"https:\/\/www.moma-design.it\/de\/die-rueckkehr-des-marmors-in-der-welt-der-moebel\/#breadcrumb\"},\"inLanguage\":\"de\",\"potentialAction\":[{\"@type\":\"ReadAction\",\"target\":[\"https:\/\/www.moma-design.it\/de\/die-rueckkehr-des-marmors-in-der-welt-der-moebel\/\"]}]},{\"@type\":\"ImageObject\",\"inLanguage\":\"de\",\"@id\":\"https:\/\/www.moma-design.it\/de\/die-rueckkehr-des-marmors-in-der-welt-der-moebel\/#primaryimage\",\"url\":\"https:\/\/www.moma-design.it\/wp-content\/uploads\/2024\/10\/COPERTINA-700x450-1.jpg\",\"contentUrl\":\"https:\/\/www.moma-design.it\/wp-content\/uploads\/2024\/10\/COPERTINA-700x450-1.jpg\",\"width\":700,\"height\":450,\"caption\":\"copertina excellent marmo\"},{\"@type\":\"BreadcrumbList\",\"@id\":\"https:\/\/www.moma-design.it\/de\/die-rueckkehr-des-marmors-in-der-welt-der-moebel\/#breadcrumb\",\"itemListElement\":[{\"@type\":\"ListItem\",\"position\":1,\"name\":\"Home\",\"item\":\"https:\/\/www.moma-design.it\/\"},{\"@type\":\"ListItem\",\"position\":2,\"name\":\"Die R\u00fcckkehr des Marmors in der Welt der M\u00f6bel\"}]},{\"@type\":\"WebSite\",\"@id\":\"https:\/\/www.moma-design.it\/#website\",\"url\":\"https:\/\/www.moma-design.it\/\",\"name\":\"MOMA Design\",\"description\":\"\",\"publisher\":{\"@id\":\"https:\/\/www.moma-design.it\/#organization\"},\"potentialAction\":[{\"@type\":\"SearchAction\",\"target\":{\"@type\":\"EntryPoint\",\"urlTemplate\":\"https:\/\/www.moma-design.it\/?s={search_term_string}\"},\"query-input\":{\"@type\":\"PropertyValueSpecification\",\"valueRequired\":true,\"valueName\":\"search_term_string\"}}],\"inLanguage\":\"de\"},{\"@type\":\"Organization\",\"@id\":\"https:\/\/www.moma-design.it\/#organization\",\"name\":\"MOMA Design\",\"url\":\"https:\/\/www.moma-design.it\/\",\"logo\":{\"@type\":\"ImageObject\",\"inLanguage\":\"de\",\"@id\":\"https:\/\/www.moma-design.it\/#\/schema\/logo\/image\/\",\"url\":\"https:\/\/www.moma-design.it\/wp-content\/uploads\/2023\/07\/Logotipo-bianco-Moma-Design.png\",\"contentUrl\":\"https:\/\/www.moma-design.it\/wp-content\/uploads\/2023\/07\/Logotipo-bianco-Moma-Design.png\",\"width\":250,\"height\":150,\"caption\":\"MOMA Design\"},\"image\":{\"@id\":\"https:\/\/www.moma-design.it\/#\/schema\/logo\/image\/\"}},{\"@type\":\"Person\",\"@id\":\"https:\/\/www.moma-design.it\/#\/schema\/person\/75f17af98d2696602c12318522f82ba8\",\"name\":\"Michela Melissano\",\"image\":{\"@type\":\"ImageObject\",\"inLanguage\":\"de\",\"@id\":\"https:\/\/www.moma-design.it\/#\/schema\/person\/image\/\",\"url\":\"https:\/\/secure.gravatar.com\/avatar\/0621d8e5abd794b4e28548d00aaf935bf73b54d85ceb059b656bf4d97d6c1edc?s=96&d=mm&r=g\",\"contentUrl\":\"https:\/\/secure.gravatar.com\/avatar\/0621d8e5abd794b4e28548d00aaf935bf73b54d85ceb059b656bf4d97d6c1edc?s=96&d=mm&r=g\",\"caption\":\"Michela Melissano\"},\"url\":\"https:\/\/www.moma-design.it\/de\/author\/moma-design\/\"}]}<\/script>\n<!-- \/ Yoast SEO plugin. -->","yoast_head_json":{"title":"Die R\u00fcckkehr des Marmors in der Welt der M\u00f6bel | MOMA Design","description":"Die R\u00fcckkehr des Marmors in der Welt der M\u00f6bel betrifft auch die Badezimmer, dank innovativer L\u00f6sungen, aber mit klassischen Oberfl\u00e4chen.","robots":{"index":"index","follow":"follow","max-snippet":"max-snippet:-1","max-image-preview":"max-image-preview:large","max-video-preview":"max-video-preview:-1"},"canonical":"https:\/\/www.moma-design.it\/de\/die-rueckkehr-des-marmors-in-der-welt-der-moebel\/","og_locale":"de_DE","og_type":"article","og_title":"Die R\u00fcckkehr des Marmors in der Welt der M\u00f6bel | MOMA Design","og_description":"Die R\u00fcckkehr des Marmors in der Welt der M\u00f6bel betrifft auch die Badezimmer, dank innovativer L\u00f6sungen, aber mit klassischen Oberfl\u00e4chen.","og_url":"https:\/\/www.moma-design.it\/de\/die-rueckkehr-des-marmors-in-der-welt-der-moebel\/","og_site_name":"MOMA Design","article_published_time":"2024-10-31T13:04:21+00:00","article_modified_time":"2024-10-31T13:08:24+00:00","og_image":[{"width":700,"height":450,"url":"https:\/\/www.moma-design.it\/wp-content\/uploads\/2024\/10\/COPERTINA-700x450-1.jpg","type":"image\/jpeg"}],"author":"Michela Melissano","twitter_card":"summary_large_image","twitter_misc":{"Verfasst von":"Michela Melissano","Gesch\u00e4tzte Lesezeit":"11\u00a0Minuten"},"schema":{"@context":"https:\/\/schema.org","@graph":[{"@type":"Article","@id":"https:\/\/www.moma-design.it\/de\/die-rueckkehr-des-marmors-in-der-welt-der-moebel\/#article","isPartOf":{"@id":"https:\/\/www.moma-design.it\/de\/die-rueckkehr-des-marmors-in-der-welt-der-moebel\/"},"author":{"name":"Michela Melissano","@id":"https:\/\/www.moma-design.it\/#\/schema\/person\/75f17af98d2696602c12318522f82ba8"},"headline":"Die R\u00fcckkehr des Marmors in der Welt der M\u00f6bel","datePublished":"2024-10-31T13:04:21+00:00","dateModified":"2024-10-31T13:08:24+00:00","mainEntityOfPage":{"@id":"https:\/\/www.moma-design.it\/de\/die-rueckkehr-des-marmors-in-der-welt-der-moebel\/"},"wordCount":1382,"commentCount":0,"publisher":{"@id":"https:\/\/www.moma-design.it\/#organization"},"image":{"@id":"https:\/\/www.moma-design.it\/de\/die-rueckkehr-des-marmors-in-der-welt-der-moebel\/#primaryimage"},"thumbnailUrl":"https:\/\/www.moma-design.it\/wp-content\/uploads\/2024\/10\/COPERTINA-700x450-1.jpg","articleSection":["News"],"inLanguage":"de","potentialAction":[{"@type":"CommentAction","name":"Comment","target":["https:\/\/www.moma-design.it\/de\/die-rueckkehr-des-marmors-in-der-welt-der-moebel\/#respond"]}]},{"@type":"WebPage","@id":"https:\/\/www.moma-design.it\/de\/die-rueckkehr-des-marmors-in-der-welt-der-moebel\/","url":"https:\/\/www.moma-design.it\/de\/die-rueckkehr-des-marmors-in-der-welt-der-moebel\/","name":"Die R\u00fcckkehr des Marmors in der Welt der M\u00f6bel | MOMA Design","isPartOf":{"@id":"https:\/\/www.moma-design.it\/#website"},"primaryImageOfPage":{"@id":"https:\/\/www.moma-design.it\/de\/die-rueckkehr-des-marmors-in-der-welt-der-moebel\/#primaryimage"},"image":{"@id":"https:\/\/www.moma-design.it\/de\/die-rueckkehr-des-marmors-in-der-welt-der-moebel\/#primaryimage"},"thumbnailUrl":"https:\/\/www.moma-design.it\/wp-content\/uploads\/2024\/10\/COPERTINA-700x450-1.jpg","datePublished":"2024-10-31T13:04:21+00:00","dateModified":"2024-10-31T13:08:24+00:00","description":"Die R\u00fcckkehr des Marmors in der Welt der M\u00f6bel betrifft auch die Badezimmer, dank innovativer L\u00f6sungen, aber mit klassischen Oberfl\u00e4chen.","breadcrumb":{"@id":"https:\/\/www.moma-design.it\/de\/die-rueckkehr-des-marmors-in-der-welt-der-moebel\/#breadcrumb"},"inLanguage":"de","potentialAction":[{"@type":"ReadAction","target":["https:\/\/www.moma-design.it\/de\/die-rueckkehr-des-marmors-in-der-welt-der-moebel\/"]}]},{"@type":"ImageObject","inLanguage":"de","@id":"https:\/\/www.moma-design.it\/de\/die-rueckkehr-des-marmors-in-der-welt-der-moebel\/#primaryimage","url":"https:\/\/www.moma-design.it\/wp-content\/uploads\/2024\/10\/COPERTINA-700x450-1.jpg","contentUrl":"https:\/\/www.moma-design.it\/wp-content\/uploads\/2024\/10\/COPERTINA-700x450-1.jpg","width":700,"height":450,"caption":"copertina excellent marmo"},{"@type":"BreadcrumbList","@id":"https:\/\/www.moma-design.it\/de\/die-rueckkehr-des-marmors-in-der-welt-der-moebel\/#breadcrumb","itemListElement":[{"@type":"ListItem","position":1,"name":"Home","item":"https:\/\/www.moma-design.it\/"},{"@type":"ListItem","position":2,"name":"Die R\u00fcckkehr des Marmors in der Welt der M\u00f6bel"}]},{"@type":"WebSite","@id":"https:\/\/www.moma-design.it\/#website","url":"https:\/\/www.moma-design.it\/","name":"MOMA Design","description":"","publisher":{"@id":"https:\/\/www.moma-design.it\/#organization"},"potentialAction":[{"@type":"SearchAction","target":{"@type":"EntryPoint","urlTemplate":"https:\/\/www.moma-design.it\/?s={search_term_string}"},"query-input":{"@type":"PropertyValueSpecification","valueRequired":true,"valueName":"search_term_string"}}],"inLanguage":"de"},{"@type":"Organization","@id":"https:\/\/www.moma-design.it\/#organization","name":"MOMA Design","url":"https:\/\/www.moma-design.it\/","logo":{"@type":"ImageObject","inLanguage":"de","@id":"https:\/\/www.moma-design.it\/#\/schema\/logo\/image\/","url":"https:\/\/www.moma-design.it\/wp-content\/uploads\/2023\/07\/Logotipo-bianco-Moma-Design.png","contentUrl":"https:\/\/www.moma-design.it\/wp-content\/uploads\/2023\/07\/Logotipo-bianco-Moma-Design.png","width":250,"height":150,"caption":"MOMA Design"},"image":{"@id":"https:\/\/www.moma-design.it\/#\/schema\/logo\/image\/"}},{"@type":"Person","@id":"https:\/\/www.moma-design.it\/#\/schema\/person\/75f17af98d2696602c12318522f82ba8","name":"Michela Melissano","image":{"@type":"ImageObject","inLanguage":"de","@id":"https:\/\/www.moma-design.it\/#\/schema\/person\/image\/","url":"https:\/\/secure.gravatar.com\/avatar\/0621d8e5abd794b4e28548d00aaf935bf73b54d85ceb059b656bf4d97d6c1edc?s=96&d=mm&r=g","contentUrl":"https:\/\/secure.gravatar.com\/avatar\/0621d8e5abd794b4e28548d00aaf935bf73b54d85ceb059b656bf4d97d6c1edc?s=96&d=mm&r=g","caption":"Michela Melissano"},"url":"https:\/\/www.moma-design.it\/de\/author\/moma-design\/"}]}},"_links":{"self":[{"href":"https:\/\/www.moma-design.it\/de\/wp-json\/wp\/v2\/posts\/42613","targetHints":{"allow":["GET"]}}],"collection":[{"href":"https:\/\/www.moma-design.it\/de\/wp-json\/wp\/v2\/posts"}],"about":[{"href":"https:\/\/www.moma-design.it\/de\/wp-json\/wp\/v2\/types\/post"}],"author":[{"embeddable":true,"href":"https:\/\/www.moma-design.it\/de\/wp-json\/wp\/v2\/users\/2"}],"replies":[{"embeddable":true,"href":"https:\/\/www.moma-design.it\/de\/wp-json\/wp\/v2\/comments?post=42613"}],"version-history":[{"count":0,"href":"https:\/\/www.moma-design.it\/de\/wp-json\/wp\/v2\/posts\/42613\/revisions"}],"wp:featuredmedia":[{"embeddable":true,"href":"https:\/\/www.moma-design.it\/de\/wp-json\/wp\/v2\/media\/42598"}],"wp:attachment":[{"href":"https:\/\/www.moma-design.it\/de\/wp-json\/wp\/v2\/media?parent=42613"}],"wp:term":[{"taxonomy":"category","embeddable":true,"href":"https:\/\/www.moma-design.it\/de\/wp-json\/wp\/v2\/categories?post=42613"},{"taxonomy":"post_tag","embeddable":true,"href":"https:\/\/www.moma-design.it\/de\/wp-json\/wp\/v2\/tags?post=42613"},{"taxonomy":"realizzazione_categoria","embeddable":true,"href":"https:\/\/www.moma-design.it\/de\/wp-json\/wp\/v2\/realizzazione_categoria?post=42613"}],"curies":[{"name":"wp","href":"https:\/\/api.w.org\/{rel}","templated":true}]}}