{"id":37412,"date":"2023-10-25T11:07:47","date_gmt":"2023-10-25T09:07:47","guid":{"rendered":"https:\/\/www.moma-design.it\/moma-design-erwartet-sie-auf-der-messe-architectwork-november-2023\/"},"modified":"2023-10-25T11:56:25","modified_gmt":"2023-10-25T09:56:25","slug":"moma-design-erwartet-sie-auf-der-messe-architectwork-november-2023","status":"publish","type":"post","link":"https:\/\/www.moma-design.it\/de\/moma-design-erwartet-sie-auf-der-messe-architectwork-november-2023\/","title":{"rendered":"MOMA Design erwartet Sie auf der Messe ARCHITECT@WORK &#8211; November 2023"},"content":{"rendered":"\n<h3 class=\"wp-block-heading\">Am 8. und 9. November 2023 wird MOMA Design an der Messe Architect@Work teilnehmen, die gleichzeitig in Mailand und Paris stattfindet!<\/h3>\n\n<div style=\"height:30px\" aria-hidden=\"true\" class=\"wp-block-spacer\"><\/div>\n\n<p>Auf der Messe in Mailand (Italien), die im <em>Allianz MICO<\/em> in Piazzale Carlo Magno 1\/Gate 16 stattfindet, finden Sie uns am <strong>Stand Nr. 64<\/strong>.<\/p>\n\n<p>Auf der Messe in Paris (Frankreich), die in der <em>Grande Halle de la Villette<\/em> stattfindet, finden Sie uns am <strong>Stand Nr. 30<\/strong>.<\/p>\n\n<p>Auf diesen wichtigen Veranstaltungen wird MOMA Design einige Vorschauen auf die neuen Produkte des Jahres 2024 pr\u00e4sentieren, insbesondere die M\u00f6belkollektionen ECLIPSE und ECLECTIC.&#13;\nBei beiden Kollektionen handelt es sich um freistehende Standm\u00f6bel, bei denen Marmor und gefr\u00e4stes Canaletto-Nussbaumholz die Hauptrolle spielen und Kompositionen schaffen, die sich durch abgerundete und geschwungene Formen auszeichnen, die dem Ganzen einen umh\u00fcllenden, eleganten und gleichzeitig leichten Charakter verleihen.<\/p>\n\n<p>Wir laden Sie ein, uns an unseren St\u00e4nden zu besuchen, um die neuen Produkte zu sehen und zu ber\u00fchren und um weitere technische Informationen anzufordern. &#13;\nWir freuen uns nat\u00fcrlich, Ihnen alles \u00fcber unser Unternehmen zu erz\u00e4hlen, Ihnen unsere Kataloge zu zeigen und Ihnen unsere Kontaktdaten zu hinterlassen, damit wir bald zusammenarbeiten k\u00f6nnen.<\/p>\n\n<div class=\"wp-block-columns is-layout-flex wp-container-core-columns-is-layout-28f84493 wp-block-columns-is-layout-flex\">\n<div class=\"wp-block-column is-layout-flow wp-block-column-is-layout-flow\">\n<figure class=\"wp-block-image size-large\"><img fetchpriority=\"high\" decoding=\"async\" width=\"1024\" height=\"140\" src=\"https:\/\/www.moma-design.it\/wp-content\/uploads\/2023\/10\/MI-23aim-banner-inschrijving-1170x160px-it-1024x140.jpg\" alt=\"Banner A@W Milano\" class=\"wp-image-37396\" srcset=\"https:\/\/www.moma-design.it\/wp-content\/uploads\/2023\/10\/MI-23aim-banner-inschrijving-1170x160px-it-1024x140.jpg 1024w, https:\/\/www.moma-design.it\/wp-content\/uploads\/2023\/10\/MI-23aim-banner-inschrijving-1170x160px-it-400x55.jpg 400w, https:\/\/www.moma-design.it\/wp-content\/uploads\/2023\/10\/MI-23aim-banner-inschrijving-1170x160px-it-768x105.jpg 768w, https:\/\/www.moma-design.it\/wp-content\/uploads\/2023\/10\/MI-23aim-banner-inschrijving-1170x160px-it-300x41.jpg 300w, https:\/\/www.moma-design.it\/wp-content\/uploads\/2023\/10\/MI-23aim-banner-inschrijving-1170x160px-it-600x82.jpg 600w, https:\/\/www.moma-design.it\/wp-content\/uploads\/2023\/10\/MI-23aim-banner-inschrijving-1170x160px-it.jpg 1170w\" sizes=\"(max-width: 1024px) 100vw, 1024px\" \/><\/figure>\n<\/div>\n\n\n\n<div class=\"wp-block-column is-layout-flow wp-block-column-is-layout-flow\">\n<figure class=\"wp-block-image size-large\"><img decoding=\"async\" width=\"1024\" height=\"140\" src=\"https:\/\/www.moma-design.it\/wp-content\/uploads\/2023\/10\/P-23afp-banner-inschrijving-1170x160px-en-1024x140.jpg\" alt=\"Banner A@W Parigi\" class=\"wp-image-37392\" srcset=\"https:\/\/www.moma-design.it\/wp-content\/uploads\/2023\/10\/P-23afp-banner-inschrijving-1170x160px-en-1024x140.jpg 1024w, https:\/\/www.moma-design.it\/wp-content\/uploads\/2023\/10\/P-23afp-banner-inschrijving-1170x160px-en-400x55.jpg 400w, https:\/\/www.moma-design.it\/wp-content\/uploads\/2023\/10\/P-23afp-banner-inschrijving-1170x160px-en-768x105.jpg 768w, https:\/\/www.moma-design.it\/wp-content\/uploads\/2023\/10\/P-23afp-banner-inschrijving-1170x160px-en-1536x210.jpg 1536w, https:\/\/www.moma-design.it\/wp-content\/uploads\/2023\/10\/P-23afp-banner-inschrijving-1170x160px-en-2048x280.jpg 2048w, https:\/\/www.moma-design.it\/wp-content\/uploads\/2023\/10\/P-23afp-banner-inschrijving-1170x160px-en-300x41.jpg 300w, https:\/\/www.moma-design.it\/wp-content\/uploads\/2023\/10\/P-23afp-banner-inschrijving-1170x160px-en-600x82.jpg 600w\" sizes=\"(max-width: 1024px) 100vw, 1024px\" \/><\/figure>\n<\/div>\n<\/div>\n","protected":false},"excerpt":{"rendered":"<p>Am 8. und 9. November 2023 wird MOMA Design an der Messe Architect@Work teilnehmen, die gleichzeitig in Mailand und Paris stattfindet!<\/p>\n","protected":false},"author":2,"featured_media":37405,"comment_status":"open","ping_status":"open","sticky":false,"template":"","format":"standard","meta":{"site-sidebar-layout":"default","site-content-layout":"","ast-site-content-layout":"default","site-content-style":"default","site-sidebar-style":"default","ast-global-header-display":"","ast-banner-title-visibility":"","ast-main-header-display":"","ast-hfb-above-header-display":"","ast-hfb-below-header-display":"","ast-hfb-mobile-header-display":"","site-post-title":"","ast-breadcrumbs-content":"","ast-featured-img":"","footer-sml-layout":"","ast-disable-related-posts":"","theme-transparent-header-meta":"","adv-header-id-meta":"","stick-header-meta":"","header-above-stick-meta":"","header-main-stick-meta":"","header-below-stick-meta":"","astra-migrate-meta-layouts":"default","ast-page-background-enabled":"default","ast-page-background-meta":{"desktop":{"background-color":"var(--ast-global-color-4)","background-image":"","background-repeat":"repeat","background-position":"center center","background-size":"auto","background-attachment":"scroll","background-type":"","background-media":"","overlay-type":"","overlay-color":"","overlay-opacity":"","overlay-gradient":""},"tablet":{"background-color":"","background-image":"","background-repeat":"repeat","background-position":"center center","background-size":"auto","background-attachment":"scroll","background-type":"","background-media":"","overlay-type":"","overlay-color":"","overlay-opacity":"","overlay-gradient":""},"mobile":{"background-color":"","background-image":"","background-repeat":"repeat","background-position":"center center","background-size":"auto","background-attachment":"scroll","background-type":"","background-media":"","overlay-type":"","overlay-color":"","overlay-opacity":"","overlay-gradient":""}},"ast-content-background-meta":{"desktop":{"background-color":"var(--ast-global-color-5)","background-image":"","background-repeat":"repeat","background-position":"center center","background-size":"auto","background-attachment":"scroll","background-type":"","background-media":"","overlay-type":"","overlay-color":"","overlay-opacity":"","overlay-gradient":""},"tablet":{"background-color":"var(--ast-global-color-5)","background-image":"","background-repeat":"repeat","background-position":"center center","background-size":"auto","background-attachment":"scroll","background-type":"","background-media":"","overlay-type":"","overlay-color":"","overlay-opacity":"","overlay-gradient":""},"mobile":{"background-color":"var(--ast-global-color-5)","background-image":"","background-repeat":"repeat","background-position":"center center","background-size":"auto","background-attachment":"scroll","background-type":"","background-media":"","overlay-type":"","overlay-color":"","overlay-opacity":"","overlay-gradient":""}},"footnotes":""},"categories":[223],"tags":[],"realizzazione_categoria":[],"class_list":["post-37412","post","type-post","status-publish","format-standard","has-post-thumbnail","hentry","category-news-de"],"yoast_head":"<!-- This site is optimized with the Yoast SEO plugin v26.8 - https:\/\/yoast.com\/product\/yoast-seo-wordpress\/ -->\n<title>Messe ARCHITECT@WORK | MOMA Design<\/title>\n<meta name=\"description\" content=\"Am 8. und 9. November 2023 wird MOMA Design an der Messe Architect@Work teilnehmen, die gleichzeitig in Mailand und Paris stattfindet!\" \/>\n<meta name=\"robots\" content=\"index, follow, max-snippet:-1, max-image-preview:large, max-video-preview:-1\" \/>\n<link rel=\"canonical\" href=\"https:\/\/www.moma-design.it\/de\/moma-design-erwartet-sie-auf-der-messe-architectwork-november-2023\/\" \/>\n<meta property=\"og:locale\" content=\"de_DE\" \/>\n<meta property=\"og:type\" content=\"article\" \/>\n<meta property=\"og:title\" content=\"Messe ARCHITECT@WORK | MOMA Design\" \/>\n<meta property=\"og:description\" content=\"Am 8. und 9. November 2023 wird MOMA Design an der Messe Architect@Work teilnehmen, die gleichzeitig in Mailand und Paris stattfindet!\" \/>\n<meta property=\"og:url\" content=\"https:\/\/www.moma-design.it\/de\/moma-design-erwartet-sie-auf-der-messe-architectwork-november-2023\/\" \/>\n<meta property=\"og:site_name\" content=\"MOMA Design\" \/>\n<meta property=\"article:published_time\" content=\"2023-10-25T09:07:47+00:00\" \/>\n<meta property=\"article:modified_time\" content=\"2023-10-25T09:56:25+00:00\" \/>\n<meta property=\"og:image\" content=\"https:\/\/www.moma-design.it\/wp-content\/uploads\/2023\/10\/Banner-architect@work_sito.jpg\" \/>\n\t<meta property=\"og:image:width\" content=\"900\" \/>\n\t<meta property=\"og:image:height\" content=\"500\" \/>\n\t<meta property=\"og:image:type\" content=\"image\/jpeg\" \/>\n<meta name=\"author\" content=\"Michela Melissano\" \/>\n<meta name=\"twitter:card\" content=\"summary_large_image\" \/>\n<meta name=\"twitter:label1\" content=\"Verfasst von\" \/>\n\t<meta name=\"twitter:data1\" content=\"Michela Melissano\" \/>\n\t<meta name=\"twitter:label2\" content=\"Gesch\u00e4tzte Lesezeit\" \/>\n\t<meta name=\"twitter:data2\" content=\"1\u00a0Minute\" \/>\n<script type=\"application\/ld+json\" class=\"yoast-schema-graph\">{\"@context\":\"https:\/\/schema.org\",\"@graph\":[{\"@type\":\"Article\",\"@id\":\"https:\/\/www.moma-design.it\/de\/moma-design-erwartet-sie-auf-der-messe-architectwork-november-2023\/#article\",\"isPartOf\":{\"@id\":\"https:\/\/www.moma-design.it\/de\/moma-design-erwartet-sie-auf-der-messe-architectwork-november-2023\/\"},\"author\":{\"name\":\"Michela Melissano\",\"@id\":\"https:\/\/www.moma-design.it\/#\/schema\/person\/75f17af98d2696602c12318522f82ba8\"},\"headline\":\"MOMA Design erwartet Sie auf der Messe ARCHITECT@WORK &#8211; November 2023\",\"datePublished\":\"2023-10-25T09:07:47+00:00\",\"dateModified\":\"2023-10-25T09:56:25+00:00\",\"mainEntityOfPage\":{\"@id\":\"https:\/\/www.moma-design.it\/de\/moma-design-erwartet-sie-auf-der-messe-architectwork-november-2023\/\"},\"wordCount\":197,\"commentCount\":0,\"publisher\":{\"@id\":\"https:\/\/www.moma-design.it\/#organization\"},\"image\":{\"@id\":\"https:\/\/www.moma-design.it\/de\/moma-design-erwartet-sie-auf-der-messe-architectwork-november-2023\/#primaryimage\"},\"thumbnailUrl\":\"https:\/\/www.moma-design.it\/wp-content\/uploads\/2023\/10\/Banner-architect@work_sito.jpg\",\"articleSection\":[\"News\"],\"inLanguage\":\"de\",\"potentialAction\":[{\"@type\":\"CommentAction\",\"name\":\"Comment\",\"target\":[\"https:\/\/www.moma-design.it\/de\/moma-design-erwartet-sie-auf-der-messe-architectwork-november-2023\/#respond\"]}]},{\"@type\":\"WebPage\",\"@id\":\"https:\/\/www.moma-design.it\/de\/moma-design-erwartet-sie-auf-der-messe-architectwork-november-2023\/\",\"url\":\"https:\/\/www.moma-design.it\/de\/moma-design-erwartet-sie-auf-der-messe-architectwork-november-2023\/\",\"name\":\"Messe ARCHITECT@WORK | MOMA Design\",\"isPartOf\":{\"@id\":\"https:\/\/www.moma-design.it\/#website\"},\"primaryImageOfPage\":{\"@id\":\"https:\/\/www.moma-design.it\/de\/moma-design-erwartet-sie-auf-der-messe-architectwork-november-2023\/#primaryimage\"},\"image\":{\"@id\":\"https:\/\/www.moma-design.it\/de\/moma-design-erwartet-sie-auf-der-messe-architectwork-november-2023\/#primaryimage\"},\"thumbnailUrl\":\"https:\/\/www.moma-design.it\/wp-content\/uploads\/2023\/10\/Banner-architect@work_sito.jpg\",\"datePublished\":\"2023-10-25T09:07:47+00:00\",\"dateModified\":\"2023-10-25T09:56:25+00:00\",\"description\":\"Am 8. und 9. November 2023 wird MOMA Design an der Messe Architect@Work teilnehmen, die gleichzeitig in Mailand und Paris stattfindet!\",\"breadcrumb\":{\"@id\":\"https:\/\/www.moma-design.it\/de\/moma-design-erwartet-sie-auf-der-messe-architectwork-november-2023\/#breadcrumb\"},\"inLanguage\":\"de\",\"potentialAction\":[{\"@type\":\"ReadAction\",\"target\":[\"https:\/\/www.moma-design.it\/de\/moma-design-erwartet-sie-auf-der-messe-architectwork-november-2023\/\"]}]},{\"@type\":\"ImageObject\",\"inLanguage\":\"de\",\"@id\":\"https:\/\/www.moma-design.it\/de\/moma-design-erwartet-sie-auf-der-messe-architectwork-november-2023\/#primaryimage\",\"url\":\"https:\/\/www.moma-design.it\/wp-content\/uploads\/2023\/10\/Banner-architect@work_sito.jpg\",\"contentUrl\":\"https:\/\/www.moma-design.it\/wp-content\/uploads\/2023\/10\/Banner-architect@work_sito.jpg\",\"width\":900,\"height\":500,\"caption\":\"Banner-architect@work_sito\"},{\"@type\":\"BreadcrumbList\",\"@id\":\"https:\/\/www.moma-design.it\/de\/moma-design-erwartet-sie-auf-der-messe-architectwork-november-2023\/#breadcrumb\",\"itemListElement\":[{\"@type\":\"ListItem\",\"position\":1,\"name\":\"Home\",\"item\":\"https:\/\/www.moma-design.it\/\"},{\"@type\":\"ListItem\",\"position\":2,\"name\":\"MOMA Design erwartet Sie auf der Messe ARCHITECT@WORK &#8211; November 2023\"}]},{\"@type\":\"WebSite\",\"@id\":\"https:\/\/www.moma-design.it\/#website\",\"url\":\"https:\/\/www.moma-design.it\/\",\"name\":\"MOMA Design\",\"description\":\"\",\"publisher\":{\"@id\":\"https:\/\/www.moma-design.it\/#organization\"},\"potentialAction\":[{\"@type\":\"SearchAction\",\"target\":{\"@type\":\"EntryPoint\",\"urlTemplate\":\"https:\/\/www.moma-design.it\/?s={search_term_string}\"},\"query-input\":{\"@type\":\"PropertyValueSpecification\",\"valueRequired\":true,\"valueName\":\"search_term_string\"}}],\"inLanguage\":\"de\"},{\"@type\":\"Organization\",\"@id\":\"https:\/\/www.moma-design.it\/#organization\",\"name\":\"MOMA Design\",\"url\":\"https:\/\/www.moma-design.it\/\",\"logo\":{\"@type\":\"ImageObject\",\"inLanguage\":\"de\",\"@id\":\"https:\/\/www.moma-design.it\/#\/schema\/logo\/image\/\",\"url\":\"https:\/\/www.moma-design.it\/wp-content\/uploads\/2023\/07\/Logotipo-bianco-Moma-Design.png\",\"contentUrl\":\"https:\/\/www.moma-design.it\/wp-content\/uploads\/2023\/07\/Logotipo-bianco-Moma-Design.png\",\"width\":250,\"height\":150,\"caption\":\"MOMA Design\"},\"image\":{\"@id\":\"https:\/\/www.moma-design.it\/#\/schema\/logo\/image\/\"}},{\"@type\":\"Person\",\"@id\":\"https:\/\/www.moma-design.it\/#\/schema\/person\/75f17af98d2696602c12318522f82ba8\",\"name\":\"Michela Melissano\",\"image\":{\"@type\":\"ImageObject\",\"inLanguage\":\"de\",\"@id\":\"https:\/\/www.moma-design.it\/#\/schema\/person\/image\/\",\"url\":\"https:\/\/secure.gravatar.com\/avatar\/0621d8e5abd794b4e28548d00aaf935bf73b54d85ceb059b656bf4d97d6c1edc?s=96&d=mm&r=g\",\"contentUrl\":\"https:\/\/secure.gravatar.com\/avatar\/0621d8e5abd794b4e28548d00aaf935bf73b54d85ceb059b656bf4d97d6c1edc?s=96&d=mm&r=g\",\"caption\":\"Michela Melissano\"},\"url\":\"https:\/\/www.moma-design.it\/de\/author\/moma-design\/\"}]}<\/script>\n<!-- \/ Yoast SEO plugin. -->","yoast_head_json":{"title":"Messe ARCHITECT@WORK | MOMA Design","description":"Am 8. und 9. November 2023 wird MOMA Design an der Messe Architect@Work teilnehmen, die gleichzeitig in Mailand und Paris stattfindet!","robots":{"index":"index","follow":"follow","max-snippet":"max-snippet:-1","max-image-preview":"max-image-preview:large","max-video-preview":"max-video-preview:-1"},"canonical":"https:\/\/www.moma-design.it\/de\/moma-design-erwartet-sie-auf-der-messe-architectwork-november-2023\/","og_locale":"de_DE","og_type":"article","og_title":"Messe ARCHITECT@WORK | MOMA Design","og_description":"Am 8. und 9. November 2023 wird MOMA Design an der Messe Architect@Work teilnehmen, die gleichzeitig in Mailand und Paris stattfindet!","og_url":"https:\/\/www.moma-design.it\/de\/moma-design-erwartet-sie-auf-der-messe-architectwork-november-2023\/","og_site_name":"MOMA Design","article_published_time":"2023-10-25T09:07:47+00:00","article_modified_time":"2023-10-25T09:56:25+00:00","og_image":[{"width":900,"height":500,"url":"https:\/\/www.moma-design.it\/wp-content\/uploads\/2023\/10\/Banner-architect@work_sito.jpg","type":"image\/jpeg"}],"author":"Michela Melissano","twitter_card":"summary_large_image","twitter_misc":{"Verfasst von":"Michela Melissano","Gesch\u00e4tzte Lesezeit":"1\u00a0Minute"},"schema":{"@context":"https:\/\/schema.org","@graph":[{"@type":"Article","@id":"https:\/\/www.moma-design.it\/de\/moma-design-erwartet-sie-auf-der-messe-architectwork-november-2023\/#article","isPartOf":{"@id":"https:\/\/www.moma-design.it\/de\/moma-design-erwartet-sie-auf-der-messe-architectwork-november-2023\/"},"author":{"name":"Michela Melissano","@id":"https:\/\/www.moma-design.it\/#\/schema\/person\/75f17af98d2696602c12318522f82ba8"},"headline":"MOMA Design erwartet Sie auf der Messe ARCHITECT@WORK &#8211; November 2023","datePublished":"2023-10-25T09:07:47+00:00","dateModified":"2023-10-25T09:56:25+00:00","mainEntityOfPage":{"@id":"https:\/\/www.moma-design.it\/de\/moma-design-erwartet-sie-auf-der-messe-architectwork-november-2023\/"},"wordCount":197,"commentCount":0,"publisher":{"@id":"https:\/\/www.moma-design.it\/#organization"},"image":{"@id":"https:\/\/www.moma-design.it\/de\/moma-design-erwartet-sie-auf-der-messe-architectwork-november-2023\/#primaryimage"},"thumbnailUrl":"https:\/\/www.moma-design.it\/wp-content\/uploads\/2023\/10\/Banner-architect@work_sito.jpg","articleSection":["News"],"inLanguage":"de","potentialAction":[{"@type":"CommentAction","name":"Comment","target":["https:\/\/www.moma-design.it\/de\/moma-design-erwartet-sie-auf-der-messe-architectwork-november-2023\/#respond"]}]},{"@type":"WebPage","@id":"https:\/\/www.moma-design.it\/de\/moma-design-erwartet-sie-auf-der-messe-architectwork-november-2023\/","url":"https:\/\/www.moma-design.it\/de\/moma-design-erwartet-sie-auf-der-messe-architectwork-november-2023\/","name":"Messe ARCHITECT@WORK | MOMA Design","isPartOf":{"@id":"https:\/\/www.moma-design.it\/#website"},"primaryImageOfPage":{"@id":"https:\/\/www.moma-design.it\/de\/moma-design-erwartet-sie-auf-der-messe-architectwork-november-2023\/#primaryimage"},"image":{"@id":"https:\/\/www.moma-design.it\/de\/moma-design-erwartet-sie-auf-der-messe-architectwork-november-2023\/#primaryimage"},"thumbnailUrl":"https:\/\/www.moma-design.it\/wp-content\/uploads\/2023\/10\/Banner-architect@work_sito.jpg","datePublished":"2023-10-25T09:07:47+00:00","dateModified":"2023-10-25T09:56:25+00:00","description":"Am 8. und 9. November 2023 wird MOMA Design an der Messe Architect@Work teilnehmen, die gleichzeitig in Mailand und Paris stattfindet!","breadcrumb":{"@id":"https:\/\/www.moma-design.it\/de\/moma-design-erwartet-sie-auf-der-messe-architectwork-november-2023\/#breadcrumb"},"inLanguage":"de","potentialAction":[{"@type":"ReadAction","target":["https:\/\/www.moma-design.it\/de\/moma-design-erwartet-sie-auf-der-messe-architectwork-november-2023\/"]}]},{"@type":"ImageObject","inLanguage":"de","@id":"https:\/\/www.moma-design.it\/de\/moma-design-erwartet-sie-auf-der-messe-architectwork-november-2023\/#primaryimage","url":"https:\/\/www.moma-design.it\/wp-content\/uploads\/2023\/10\/Banner-architect@work_sito.jpg","contentUrl":"https:\/\/www.moma-design.it\/wp-content\/uploads\/2023\/10\/Banner-architect@work_sito.jpg","width":900,"height":500,"caption":"Banner-architect@work_sito"},{"@type":"BreadcrumbList","@id":"https:\/\/www.moma-design.it\/de\/moma-design-erwartet-sie-auf-der-messe-architectwork-november-2023\/#breadcrumb","itemListElement":[{"@type":"ListItem","position":1,"name":"Home","item":"https:\/\/www.moma-design.it\/"},{"@type":"ListItem","position":2,"name":"MOMA Design erwartet Sie auf der Messe ARCHITECT@WORK &#8211; November 2023"}]},{"@type":"WebSite","@id":"https:\/\/www.moma-design.it\/#website","url":"https:\/\/www.moma-design.it\/","name":"MOMA Design","description":"","publisher":{"@id":"https:\/\/www.moma-design.it\/#organization"},"potentialAction":[{"@type":"SearchAction","target":{"@type":"EntryPoint","urlTemplate":"https:\/\/www.moma-design.it\/?s={search_term_string}"},"query-input":{"@type":"PropertyValueSpecification","valueRequired":true,"valueName":"search_term_string"}}],"inLanguage":"de"},{"@type":"Organization","@id":"https:\/\/www.moma-design.it\/#organization","name":"MOMA Design","url":"https:\/\/www.moma-design.it\/","logo":{"@type":"ImageObject","inLanguage":"de","@id":"https:\/\/www.moma-design.it\/#\/schema\/logo\/image\/","url":"https:\/\/www.moma-design.it\/wp-content\/uploads\/2023\/07\/Logotipo-bianco-Moma-Design.png","contentUrl":"https:\/\/www.moma-design.it\/wp-content\/uploads\/2023\/07\/Logotipo-bianco-Moma-Design.png","width":250,"height":150,"caption":"MOMA Design"},"image":{"@id":"https:\/\/www.moma-design.it\/#\/schema\/logo\/image\/"}},{"@type":"Person","@id":"https:\/\/www.moma-design.it\/#\/schema\/person\/75f17af98d2696602c12318522f82ba8","name":"Michela Melissano","image":{"@type":"ImageObject","inLanguage":"de","@id":"https:\/\/www.moma-design.it\/#\/schema\/person\/image\/","url":"https:\/\/secure.gravatar.com\/avatar\/0621d8e5abd794b4e28548d00aaf935bf73b54d85ceb059b656bf4d97d6c1edc?s=96&d=mm&r=g","contentUrl":"https:\/\/secure.gravatar.com\/avatar\/0621d8e5abd794b4e28548d00aaf935bf73b54d85ceb059b656bf4d97d6c1edc?s=96&d=mm&r=g","caption":"Michela Melissano"},"url":"https:\/\/www.moma-design.it\/de\/author\/moma-design\/"}]}},"_links":{"self":[{"href":"https:\/\/www.moma-design.it\/de\/wp-json\/wp\/v2\/posts\/37412","targetHints":{"allow":["GET"]}}],"collection":[{"href":"https:\/\/www.moma-design.it\/de\/wp-json\/wp\/v2\/posts"}],"about":[{"href":"https:\/\/www.moma-design.it\/de\/wp-json\/wp\/v2\/types\/post"}],"author":[{"embeddable":true,"href":"https:\/\/www.moma-design.it\/de\/wp-json\/wp\/v2\/users\/2"}],"replies":[{"embeddable":true,"href":"https:\/\/www.moma-design.it\/de\/wp-json\/wp\/v2\/comments?post=37412"}],"version-history":[{"count":0,"href":"https:\/\/www.moma-design.it\/de\/wp-json\/wp\/v2\/posts\/37412\/revisions"}],"wp:featuredmedia":[{"embeddable":true,"href":"https:\/\/www.moma-design.it\/de\/wp-json\/wp\/v2\/media\/37405"}],"wp:attachment":[{"href":"https:\/\/www.moma-design.it\/de\/wp-json\/wp\/v2\/media?parent=37412"}],"wp:term":[{"taxonomy":"category","embeddable":true,"href":"https:\/\/www.moma-design.it\/de\/wp-json\/wp\/v2\/categories?post=37412"},{"taxonomy":"post_tag","embeddable":true,"href":"https:\/\/www.moma-design.it\/de\/wp-json\/wp\/v2\/tags?post=37412"},{"taxonomy":"realizzazione_categoria","embeddable":true,"href":"https:\/\/www.moma-design.it\/de\/wp-json\/wp\/v2\/realizzazione_categoria?post=37412"}],"curies":[{"name":"wp","href":"https:\/\/api.w.org\/{rel}","templated":true}]}}