{"id":37031,"date":"2023-09-25T16:30:03","date_gmt":"2023-09-25T14:30:03","guid":{"rendered":"https:\/\/www.moma-design.it\/das-projekt-mareterra-geht-weiter\/"},"modified":"2023-10-09T15:17:15","modified_gmt":"2023-10-09T13:17:15","slug":"das-projekt-mareterra-geht-weiter","status":"publish","type":"post","link":"https:\/\/www.moma-design.it\/de\/das-projekt-mareterra-geht-weiter\/","title":{"rendered":"Das projekt Mareterra geht weiter"},"content":{"rendered":"\n<p>Mareterra ist das mit Spannung erwartete zuk\u00fcnftige Stadtviertel von Monaco, dessen endg\u00fcltige&#13;\nFertigstellung f\u00fcr 2025 geplant ist.<\/p>\n\n<p>Mit diesem neuen, auf dem Meer errichteten Gebiet wird das F\u00fcrstentum 6 Hektar gewinnen, indem es sich buchst\u00e4blich auf dem Meer ausdehnt. Mareterra ist \u00f6kologisch verantwortungsbewusst, raffiniert und innovativ und best\u00e4tigt die st\u00e4dtebauliche Vorreiterrolle Monacos auf der Weltb\u00fchne.<\/p>\n\n<p>Speziell f\u00fcr dieses Projekt hat <strong>MOMA Design<\/strong> die freistehende Badewanne <strong>OLIVIA<\/strong> entworfen, die dank der M\u00f6glichkeit, die Armaturen am Wannenrand anzubringen, kompakt und gleichzeitig funktional ist. Eine perfekte Wahl f\u00fcr B\u00e4der, in denen die gesamte Einrichtung auf wenigen Quadratmetern Platz untergebracht werden muss.<\/p>\n\n<p>Die anderen Badewannen des Projekts, die alle auf den Millimeter genau zugeschnitten sind, sind so konzipiert, dass sie vollst\u00e4ndig mit Naturstein verkleidet werden k\u00f6nnen. In diesem Zusammenhang w\u00e4hlte&#13;\nMOMA Design die <strong>SAPPHIRE<\/strong>-Badewanne, die in zahlreichen Varianten je nach den Einrichtungsbed\u00fcrfnissen der einzelnen Wohnungen hergestellt wird.<\/p>\n\n<div style=\"height:30px\" aria-hidden=\"true\" class=\"wp-block-spacer\"><\/div>\n\n<figure class=\"wp-block-image alignwide size-large\"><img fetchpriority=\"high\" decoding=\"async\" width=\"1024\" height=\"512\" src=\"https:\/\/www.moma-design.it\/wp-content\/uploads\/2023\/09\/Il-progetto-Mareterra-continua-MOMA-Design-1024x512.jpg\" alt=\"\" class=\"wp-image-36794\" srcset=\"https:\/\/www.moma-design.it\/wp-content\/uploads\/2023\/09\/Il-progetto-Mareterra-continua-MOMA-Design-1024x512.jpg 1024w, https:\/\/www.moma-design.it\/wp-content\/uploads\/2023\/09\/Il-progetto-Mareterra-continua-MOMA-Design-400x200.jpg 400w, https:\/\/www.moma-design.it\/wp-content\/uploads\/2023\/09\/Il-progetto-Mareterra-continua-MOMA-Design-768x384.jpg 768w, https:\/\/www.moma-design.it\/wp-content\/uploads\/2023\/09\/Il-progetto-Mareterra-continua-MOMA-Design-300x150.jpg 300w, https:\/\/www.moma-design.it\/wp-content\/uploads\/2023\/09\/Il-progetto-Mareterra-continua-MOMA-Design-600x300.jpg 600w, https:\/\/www.moma-design.it\/wp-content\/uploads\/2023\/09\/Il-progetto-Mareterra-continua-MOMA-Design.jpg 1200w\" sizes=\"(max-width: 1024px) 100vw, 1024px\" \/><\/figure>\n\n<div style=\"height:20px\" aria-hidden=\"true\" class=\"wp-block-spacer\"><\/div>\n\n<p class=\"has-text-align-center has-vivid-red-color has-text-color\"><strong>MARETERRA<\/strong>, Stadtteil von Monaco<\/p>\n\n<div style=\"height:60px\" aria-hidden=\"true\" class=\"wp-block-spacer\"><\/div>\n\n<div class=\"wp-block-columns is-layout-flex wp-container-core-columns-is-layout-28f84493 wp-block-columns-is-layout-flex\">\n<div class=\"wp-block-column is-layout-flow wp-block-column-is-layout-flow\">\n<figure class=\"wp-block-image size-full\"><a href=\"\/prodotto\/vasca-olivia\/\"><img decoding=\"async\" width=\"600\" height=\"750\" src=\"https:\/\/www.moma-design.it\/wp-content\/uploads\/2023\/09\/Olivia-Vasca-da-bagno-firmata-MOMA-Design.jpg\" alt=\"\" class=\"wp-image-36804\" style=\"object-fit:cover\" srcset=\"https:\/\/www.moma-design.it\/wp-content\/uploads\/2023\/09\/Olivia-Vasca-da-bagno-firmata-MOMA-Design.jpg 600w, https:\/\/www.moma-design.it\/wp-content\/uploads\/2023\/09\/Olivia-Vasca-da-bagno-firmata-MOMA-Design-320x400.jpg 320w, https:\/\/www.moma-design.it\/wp-content\/uploads\/2023\/09\/Olivia-Vasca-da-bagno-firmata-MOMA-Design-300x375.jpg 300w\" sizes=\"(max-width: 600px) 100vw, 600px\" \/><\/a><\/figure>\n\n\n\n<div style=\"height:5px\" aria-hidden=\"true\" class=\"wp-block-spacer\"><\/div>\n\n\n\n<p class=\"has-text-align-center has-vivid-red-color has-text-color\">Badewanne <strong>OLIVIA<\/strong> entworfen<\/p>\n<\/div>\n\n\n\n<div class=\"wp-block-column is-layout-flow wp-block-column-is-layout-flow\">\n<figure class=\"wp-block-image size-full\"><a href=\"\/de\/produkt\/badewanne-sapphire\/\"><img decoding=\"async\" width=\"600\" height=\"750\" src=\"https:\/\/www.moma-design.it\/wp-content\/uploads\/2023\/09\/Sapphire-Vasca-da-bagno-firmata-MOMA-Design.jpg\" alt=\"\" class=\"wp-image-36800\" style=\"object-fit:cover\" srcset=\"https:\/\/www.moma-design.it\/wp-content\/uploads\/2023\/09\/Sapphire-Vasca-da-bagno-firmata-MOMA-Design.jpg 600w, https:\/\/www.moma-design.it\/wp-content\/uploads\/2023\/09\/Sapphire-Vasca-da-bagno-firmata-MOMA-Design-320x400.jpg 320w, https:\/\/www.moma-design.it\/wp-content\/uploads\/2023\/09\/Sapphire-Vasca-da-bagno-firmata-MOMA-Design-300x375.jpg 300w\" sizes=\"(max-width: 600px) 100vw, 600px\" \/><\/a><\/figure>\n\n\n\n<div style=\"height:5px\" aria-hidden=\"true\" class=\"wp-block-spacer\"><\/div>\n\n\n\n<p class=\"has-text-align-center has-vivid-red-color has-text-color\"><a href=\"\/de\/produkt\/badewanne-sapphire\/\"><strong>SAPPHIRE<\/strong><\/a>-Badewanne<\/p>\n<\/div>\n<\/div>\n","protected":false},"excerpt":{"rendered":"<p>Die Gro\u00dfbaustelle &#8222;Mareterra&#8220; im F\u00fcrstentum Monaco schreitet z\u00fcgig voran: der Bau der neuen Objekte wird parallel zur Einrichtung der bereits fertig gestellten Wohnungen fortgesetzt, in denen MOMA Design seine Designer-Badewannen in allen luxuri\u00f6sen Apartments installiert.<\/p>\n","protected":false},"author":1,"featured_media":36832,"comment_status":"open","ping_status":"open","sticky":false,"template":"","format":"standard","meta":{"site-sidebar-layout":"default","site-content-layout":"","ast-site-content-layout":"default","site-content-style":"default","site-sidebar-style":"default","ast-global-header-display":"","ast-banner-title-visibility":"","ast-main-header-display":"","ast-hfb-above-header-display":"","ast-hfb-below-header-display":"","ast-hfb-mobile-header-display":"","site-post-title":"","ast-breadcrumbs-content":"","ast-featured-img":"","footer-sml-layout":"","ast-disable-related-posts":"","theme-transparent-header-meta":"","adv-header-id-meta":"","stick-header-meta":"","header-above-stick-meta":"","header-main-stick-meta":"","header-below-stick-meta":"","astra-migrate-meta-layouts":"default","ast-page-background-enabled":"default","ast-page-background-meta":{"desktop":{"background-color":"var(--ast-global-color-4)","background-image":"","background-repeat":"repeat","background-position":"center center","background-size":"auto","background-attachment":"scroll","background-type":"","background-media":"","overlay-type":"","overlay-color":"","overlay-opacity":"","overlay-gradient":""},"tablet":{"background-color":"","background-image":"","background-repeat":"repeat","background-position":"center center","background-size":"auto","background-attachment":"scroll","background-type":"","background-media":"","overlay-type":"","overlay-color":"","overlay-opacity":"","overlay-gradient":""},"mobile":{"background-color":"","background-image":"","background-repeat":"repeat","background-position":"center center","background-size":"auto","background-attachment":"scroll","background-type":"","background-media":"","overlay-type":"","overlay-color":"","overlay-opacity":"","overlay-gradient":""}},"ast-content-background-meta":{"desktop":{"background-color":"var(--ast-global-color-5)","background-image":"","background-repeat":"repeat","background-position":"center center","background-size":"auto","background-attachment":"scroll","background-type":"","background-media":"","overlay-type":"","overlay-color":"","overlay-opacity":"","overlay-gradient":""},"tablet":{"background-color":"var(--ast-global-color-5)","background-image":"","background-repeat":"repeat","background-position":"center center","background-size":"auto","background-attachment":"scroll","background-type":"","background-media":"","overlay-type":"","overlay-color":"","overlay-opacity":"","overlay-gradient":""},"mobile":{"background-color":"var(--ast-global-color-5)","background-image":"","background-repeat":"repeat","background-position":"center center","background-size":"auto","background-attachment":"scroll","background-type":"","background-media":"","overlay-type":"","overlay-color":"","overlay-opacity":"","overlay-gradient":""}},"footnotes":""},"categories":[223],"tags":[],"realizzazione_categoria":[],"class_list":["post-37031","post","type-post","status-publish","format-standard","has-post-thumbnail","hentry","category-news-de"],"yoast_head":"<!-- This site is optimized with the Yoast SEO plugin v26.8 - https:\/\/yoast.com\/product\/yoast-seo-wordpress\/ -->\n<title>Das projekt Mareterra geht weiter | MOMA Design<\/title>\n<meta name=\"description\" content=\"Die Gro\u00dfbaustelle &quot;Mareterra&quot; im F\u00fcrstentum Monaco schreitet z\u00fcgig voran: der Bau der neuen Objekte wird parallel...\" \/>\n<meta name=\"robots\" content=\"index, follow, max-snippet:-1, max-image-preview:large, max-video-preview:-1\" \/>\n<link rel=\"canonical\" href=\"https:\/\/www.moma-design.it\/de\/das-projekt-mareterra-geht-weiter\/\" \/>\n<meta property=\"og:locale\" content=\"de_DE\" \/>\n<meta property=\"og:type\" content=\"article\" \/>\n<meta property=\"og:title\" content=\"Das projekt Mareterra geht weiter | MOMA Design\" \/>\n<meta property=\"og:description\" content=\"Die Gro\u00dfbaustelle &quot;Mareterra&quot; im F\u00fcrstentum Monaco schreitet z\u00fcgig voran: der Bau der neuen Objekte wird parallel...\" \/>\n<meta property=\"og:url\" content=\"https:\/\/www.moma-design.it\/de\/das-projekt-mareterra-geht-weiter\/\" \/>\n<meta property=\"og:site_name\" content=\"MOMA Design\" \/>\n<meta property=\"article:published_time\" content=\"2023-09-25T14:30:03+00:00\" \/>\n<meta property=\"article:modified_time\" content=\"2023-10-09T13:17:15+00:00\" \/>\n<meta property=\"og:image\" content=\"https:\/\/www.moma-design.it\/wp-content\/uploads\/2023\/09\/Il-progetto-Mareterra-a-Monaco-nel-quale-MOMA-Design-ha-creato-la-vasca-freestanding-OLIVIA.jpg\" \/>\n\t<meta property=\"og:image:width\" content=\"900\" \/>\n\t<meta property=\"og:image:height\" content=\"500\" \/>\n\t<meta property=\"og:image:type\" content=\"image\/jpeg\" \/>\n<meta name=\"author\" content=\"ideesol\" \/>\n<meta name=\"twitter:card\" content=\"summary_large_image\" \/>\n<meta name=\"twitter:label1\" content=\"Verfasst von\" \/>\n\t<meta name=\"twitter:data1\" content=\"ideesol\" \/>\n\t<meta name=\"twitter:label2\" content=\"Gesch\u00e4tzte Lesezeit\" \/>\n\t<meta name=\"twitter:data2\" content=\"1\u00a0Minute\" \/>\n<script type=\"application\/ld+json\" class=\"yoast-schema-graph\">{\"@context\":\"https:\/\/schema.org\",\"@graph\":[{\"@type\":\"Article\",\"@id\":\"https:\/\/www.moma-design.it\/de\/das-projekt-mareterra-geht-weiter\/#article\",\"isPartOf\":{\"@id\":\"https:\/\/www.moma-design.it\/de\/das-projekt-mareterra-geht-weiter\/\"},\"author\":{\"name\":\"ideesol\",\"@id\":\"https:\/\/www.moma-design.it\/#\/schema\/person\/aae6cea753f911e70abe8e6b74dbe8b7\"},\"headline\":\"Das projekt Mareterra geht weiter\",\"datePublished\":\"2023-09-25T14:30:03+00:00\",\"dateModified\":\"2023-10-09T13:17:15+00:00\",\"mainEntityOfPage\":{\"@id\":\"https:\/\/www.moma-design.it\/de\/das-projekt-mareterra-geht-weiter\/\"},\"wordCount\":171,\"commentCount\":0,\"publisher\":{\"@id\":\"https:\/\/www.moma-design.it\/#organization\"},\"image\":{\"@id\":\"https:\/\/www.moma-design.it\/de\/das-projekt-mareterra-geht-weiter\/#primaryimage\"},\"thumbnailUrl\":\"https:\/\/www.moma-design.it\/wp-content\/uploads\/2023\/09\/Il-progetto-Mareterra-a-Monaco-nel-quale-MOMA-Design-ha-creato-la-vasca-freestanding-OLIVIA.jpg\",\"articleSection\":[\"News\"],\"inLanguage\":\"de\",\"potentialAction\":[{\"@type\":\"CommentAction\",\"name\":\"Comment\",\"target\":[\"https:\/\/www.moma-design.it\/de\/das-projekt-mareterra-geht-weiter\/#respond\"]}]},{\"@type\":\"WebPage\",\"@id\":\"https:\/\/www.moma-design.it\/de\/das-projekt-mareterra-geht-weiter\/\",\"url\":\"https:\/\/www.moma-design.it\/de\/das-projekt-mareterra-geht-weiter\/\",\"name\":\"Das projekt Mareterra geht weiter | MOMA Design\",\"isPartOf\":{\"@id\":\"https:\/\/www.moma-design.it\/#website\"},\"primaryImageOfPage\":{\"@id\":\"https:\/\/www.moma-design.it\/de\/das-projekt-mareterra-geht-weiter\/#primaryimage\"},\"image\":{\"@id\":\"https:\/\/www.moma-design.it\/de\/das-projekt-mareterra-geht-weiter\/#primaryimage\"},\"thumbnailUrl\":\"https:\/\/www.moma-design.it\/wp-content\/uploads\/2023\/09\/Il-progetto-Mareterra-a-Monaco-nel-quale-MOMA-Design-ha-creato-la-vasca-freestanding-OLIVIA.jpg\",\"datePublished\":\"2023-09-25T14:30:03+00:00\",\"dateModified\":\"2023-10-09T13:17:15+00:00\",\"description\":\"Die Gro\u00dfbaustelle \\\"Mareterra\\\" im F\u00fcrstentum Monaco schreitet z\u00fcgig voran: der Bau der neuen Objekte wird parallel...\",\"breadcrumb\":{\"@id\":\"https:\/\/www.moma-design.it\/de\/das-projekt-mareterra-geht-weiter\/#breadcrumb\"},\"inLanguage\":\"de\",\"potentialAction\":[{\"@type\":\"ReadAction\",\"target\":[\"https:\/\/www.moma-design.it\/de\/das-projekt-mareterra-geht-weiter\/\"]}]},{\"@type\":\"ImageObject\",\"inLanguage\":\"de\",\"@id\":\"https:\/\/www.moma-design.it\/de\/das-projekt-mareterra-geht-weiter\/#primaryimage\",\"url\":\"https:\/\/www.moma-design.it\/wp-content\/uploads\/2023\/09\/Il-progetto-Mareterra-a-Monaco-nel-quale-MOMA-Design-ha-creato-la-vasca-freestanding-OLIVIA.jpg\",\"contentUrl\":\"https:\/\/www.moma-design.it\/wp-content\/uploads\/2023\/09\/Il-progetto-Mareterra-a-Monaco-nel-quale-MOMA-Design-ha-creato-la-vasca-freestanding-OLIVIA.jpg\",\"width\":900,\"height\":500,\"caption\":\"Il progetto Mareterra a Monaco nel quale MOMA Design ha creato la vasca freestanding OLIVIA\"},{\"@type\":\"BreadcrumbList\",\"@id\":\"https:\/\/www.moma-design.it\/de\/das-projekt-mareterra-geht-weiter\/#breadcrumb\",\"itemListElement\":[{\"@type\":\"ListItem\",\"position\":1,\"name\":\"Home\",\"item\":\"https:\/\/www.moma-design.it\/\"},{\"@type\":\"ListItem\",\"position\":2,\"name\":\"Das projekt Mareterra geht weiter\"}]},{\"@type\":\"WebSite\",\"@id\":\"https:\/\/www.moma-design.it\/#website\",\"url\":\"https:\/\/www.moma-design.it\/\",\"name\":\"MOMA Design\",\"description\":\"\",\"publisher\":{\"@id\":\"https:\/\/www.moma-design.it\/#organization\"},\"potentialAction\":[{\"@type\":\"SearchAction\",\"target\":{\"@type\":\"EntryPoint\",\"urlTemplate\":\"https:\/\/www.moma-design.it\/?s={search_term_string}\"},\"query-input\":{\"@type\":\"PropertyValueSpecification\",\"valueRequired\":true,\"valueName\":\"search_term_string\"}}],\"inLanguage\":\"de\"},{\"@type\":\"Organization\",\"@id\":\"https:\/\/www.moma-design.it\/#organization\",\"name\":\"MOMA Design\",\"url\":\"https:\/\/www.moma-design.it\/\",\"logo\":{\"@type\":\"ImageObject\",\"inLanguage\":\"de\",\"@id\":\"https:\/\/www.moma-design.it\/#\/schema\/logo\/image\/\",\"url\":\"https:\/\/www.moma-design.it\/wp-content\/uploads\/2023\/07\/Logotipo-bianco-Moma-Design.png\",\"contentUrl\":\"https:\/\/www.moma-design.it\/wp-content\/uploads\/2023\/07\/Logotipo-bianco-Moma-Design.png\",\"width\":250,\"height\":150,\"caption\":\"MOMA Design\"},\"image\":{\"@id\":\"https:\/\/www.moma-design.it\/#\/schema\/logo\/image\/\"}},{\"@type\":\"Person\",\"@id\":\"https:\/\/www.moma-design.it\/#\/schema\/person\/aae6cea753f911e70abe8e6b74dbe8b7\",\"name\":\"ideesol\",\"image\":{\"@type\":\"ImageObject\",\"inLanguage\":\"de\",\"@id\":\"https:\/\/www.moma-design.it\/#\/schema\/person\/image\/\",\"url\":\"https:\/\/secure.gravatar.com\/avatar\/c76bd8c666ec8fe7bb1550bb53e2af4b7780dcaed89f7a6526236c2ed1f63b95?s=96&d=mm&r=g\",\"contentUrl\":\"https:\/\/secure.gravatar.com\/avatar\/c76bd8c666ec8fe7bb1550bb53e2af4b7780dcaed89f7a6526236c2ed1f63b95?s=96&d=mm&r=g\",\"caption\":\"ideesol\"},\"sameAs\":[\"https:\/\/www.moma-design.it\"],\"url\":\"https:\/\/www.moma-design.it\/de\/author\/ideesol\/\"}]}<\/script>\n<!-- \/ Yoast SEO plugin. -->","yoast_head_json":{"title":"Das projekt Mareterra geht weiter | MOMA Design","description":"Die Gro\u00dfbaustelle \"Mareterra\" im F\u00fcrstentum Monaco schreitet z\u00fcgig voran: der Bau der neuen Objekte wird parallel...","robots":{"index":"index","follow":"follow","max-snippet":"max-snippet:-1","max-image-preview":"max-image-preview:large","max-video-preview":"max-video-preview:-1"},"canonical":"https:\/\/www.moma-design.it\/de\/das-projekt-mareterra-geht-weiter\/","og_locale":"de_DE","og_type":"article","og_title":"Das projekt Mareterra geht weiter | MOMA Design","og_description":"Die Gro\u00dfbaustelle \"Mareterra\" im F\u00fcrstentum Monaco schreitet z\u00fcgig voran: der Bau der neuen Objekte wird parallel...","og_url":"https:\/\/www.moma-design.it\/de\/das-projekt-mareterra-geht-weiter\/","og_site_name":"MOMA Design","article_published_time":"2023-09-25T14:30:03+00:00","article_modified_time":"2023-10-09T13:17:15+00:00","og_image":[{"width":900,"height":500,"url":"https:\/\/www.moma-design.it\/wp-content\/uploads\/2023\/09\/Il-progetto-Mareterra-a-Monaco-nel-quale-MOMA-Design-ha-creato-la-vasca-freestanding-OLIVIA.jpg","type":"image\/jpeg"}],"author":"ideesol","twitter_card":"summary_large_image","twitter_misc":{"Verfasst von":"ideesol","Gesch\u00e4tzte Lesezeit":"1\u00a0Minute"},"schema":{"@context":"https:\/\/schema.org","@graph":[{"@type":"Article","@id":"https:\/\/www.moma-design.it\/de\/das-projekt-mareterra-geht-weiter\/#article","isPartOf":{"@id":"https:\/\/www.moma-design.it\/de\/das-projekt-mareterra-geht-weiter\/"},"author":{"name":"ideesol","@id":"https:\/\/www.moma-design.it\/#\/schema\/person\/aae6cea753f911e70abe8e6b74dbe8b7"},"headline":"Das projekt Mareterra geht weiter","datePublished":"2023-09-25T14:30:03+00:00","dateModified":"2023-10-09T13:17:15+00:00","mainEntityOfPage":{"@id":"https:\/\/www.moma-design.it\/de\/das-projekt-mareterra-geht-weiter\/"},"wordCount":171,"commentCount":0,"publisher":{"@id":"https:\/\/www.moma-design.it\/#organization"},"image":{"@id":"https:\/\/www.moma-design.it\/de\/das-projekt-mareterra-geht-weiter\/#primaryimage"},"thumbnailUrl":"https:\/\/www.moma-design.it\/wp-content\/uploads\/2023\/09\/Il-progetto-Mareterra-a-Monaco-nel-quale-MOMA-Design-ha-creato-la-vasca-freestanding-OLIVIA.jpg","articleSection":["News"],"inLanguage":"de","potentialAction":[{"@type":"CommentAction","name":"Comment","target":["https:\/\/www.moma-design.it\/de\/das-projekt-mareterra-geht-weiter\/#respond"]}]},{"@type":"WebPage","@id":"https:\/\/www.moma-design.it\/de\/das-projekt-mareterra-geht-weiter\/","url":"https:\/\/www.moma-design.it\/de\/das-projekt-mareterra-geht-weiter\/","name":"Das projekt Mareterra geht weiter | MOMA Design","isPartOf":{"@id":"https:\/\/www.moma-design.it\/#website"},"primaryImageOfPage":{"@id":"https:\/\/www.moma-design.it\/de\/das-projekt-mareterra-geht-weiter\/#primaryimage"},"image":{"@id":"https:\/\/www.moma-design.it\/de\/das-projekt-mareterra-geht-weiter\/#primaryimage"},"thumbnailUrl":"https:\/\/www.moma-design.it\/wp-content\/uploads\/2023\/09\/Il-progetto-Mareterra-a-Monaco-nel-quale-MOMA-Design-ha-creato-la-vasca-freestanding-OLIVIA.jpg","datePublished":"2023-09-25T14:30:03+00:00","dateModified":"2023-10-09T13:17:15+00:00","description":"Die Gro\u00dfbaustelle \"Mareterra\" im F\u00fcrstentum Monaco schreitet z\u00fcgig voran: der Bau der neuen Objekte wird parallel...","breadcrumb":{"@id":"https:\/\/www.moma-design.it\/de\/das-projekt-mareterra-geht-weiter\/#breadcrumb"},"inLanguage":"de","potentialAction":[{"@type":"ReadAction","target":["https:\/\/www.moma-design.it\/de\/das-projekt-mareterra-geht-weiter\/"]}]},{"@type":"ImageObject","inLanguage":"de","@id":"https:\/\/www.moma-design.it\/de\/das-projekt-mareterra-geht-weiter\/#primaryimage","url":"https:\/\/www.moma-design.it\/wp-content\/uploads\/2023\/09\/Il-progetto-Mareterra-a-Monaco-nel-quale-MOMA-Design-ha-creato-la-vasca-freestanding-OLIVIA.jpg","contentUrl":"https:\/\/www.moma-design.it\/wp-content\/uploads\/2023\/09\/Il-progetto-Mareterra-a-Monaco-nel-quale-MOMA-Design-ha-creato-la-vasca-freestanding-OLIVIA.jpg","width":900,"height":500,"caption":"Il progetto Mareterra a Monaco nel quale MOMA Design ha creato la vasca freestanding OLIVIA"},{"@type":"BreadcrumbList","@id":"https:\/\/www.moma-design.it\/de\/das-projekt-mareterra-geht-weiter\/#breadcrumb","itemListElement":[{"@type":"ListItem","position":1,"name":"Home","item":"https:\/\/www.moma-design.it\/"},{"@type":"ListItem","position":2,"name":"Das projekt Mareterra geht weiter"}]},{"@type":"WebSite","@id":"https:\/\/www.moma-design.it\/#website","url":"https:\/\/www.moma-design.it\/","name":"MOMA Design","description":"","publisher":{"@id":"https:\/\/www.moma-design.it\/#organization"},"potentialAction":[{"@type":"SearchAction","target":{"@type":"EntryPoint","urlTemplate":"https:\/\/www.moma-design.it\/?s={search_term_string}"},"query-input":{"@type":"PropertyValueSpecification","valueRequired":true,"valueName":"search_term_string"}}],"inLanguage":"de"},{"@type":"Organization","@id":"https:\/\/www.moma-design.it\/#organization","name":"MOMA Design","url":"https:\/\/www.moma-design.it\/","logo":{"@type":"ImageObject","inLanguage":"de","@id":"https:\/\/www.moma-design.it\/#\/schema\/logo\/image\/","url":"https:\/\/www.moma-design.it\/wp-content\/uploads\/2023\/07\/Logotipo-bianco-Moma-Design.png","contentUrl":"https:\/\/www.moma-design.it\/wp-content\/uploads\/2023\/07\/Logotipo-bianco-Moma-Design.png","width":250,"height":150,"caption":"MOMA Design"},"image":{"@id":"https:\/\/www.moma-design.it\/#\/schema\/logo\/image\/"}},{"@type":"Person","@id":"https:\/\/www.moma-design.it\/#\/schema\/person\/aae6cea753f911e70abe8e6b74dbe8b7","name":"ideesol","image":{"@type":"ImageObject","inLanguage":"de","@id":"https:\/\/www.moma-design.it\/#\/schema\/person\/image\/","url":"https:\/\/secure.gravatar.com\/avatar\/c76bd8c666ec8fe7bb1550bb53e2af4b7780dcaed89f7a6526236c2ed1f63b95?s=96&d=mm&r=g","contentUrl":"https:\/\/secure.gravatar.com\/avatar\/c76bd8c666ec8fe7bb1550bb53e2af4b7780dcaed89f7a6526236c2ed1f63b95?s=96&d=mm&r=g","caption":"ideesol"},"sameAs":["https:\/\/www.moma-design.it"],"url":"https:\/\/www.moma-design.it\/de\/author\/ideesol\/"}]}},"_links":{"self":[{"href":"https:\/\/www.moma-design.it\/de\/wp-json\/wp\/v2\/posts\/37031","targetHints":{"allow":["GET"]}}],"collection":[{"href":"https:\/\/www.moma-design.it\/de\/wp-json\/wp\/v2\/posts"}],"about":[{"href":"https:\/\/www.moma-design.it\/de\/wp-json\/wp\/v2\/types\/post"}],"author":[{"embeddable":true,"href":"https:\/\/www.moma-design.it\/de\/wp-json\/wp\/v2\/users\/1"}],"replies":[{"embeddable":true,"href":"https:\/\/www.moma-design.it\/de\/wp-json\/wp\/v2\/comments?post=37031"}],"version-history":[{"count":0,"href":"https:\/\/www.moma-design.it\/de\/wp-json\/wp\/v2\/posts\/37031\/revisions"}],"wp:featuredmedia":[{"embeddable":true,"href":"https:\/\/www.moma-design.it\/de\/wp-json\/wp\/v2\/media\/36832"}],"wp:attachment":[{"href":"https:\/\/www.moma-design.it\/de\/wp-json\/wp\/v2\/media?parent=37031"}],"wp:term":[{"taxonomy":"category","embeddable":true,"href":"https:\/\/www.moma-design.it\/de\/wp-json\/wp\/v2\/categories?post=37031"},{"taxonomy":"post_tag","embeddable":true,"href":"https:\/\/www.moma-design.it\/de\/wp-json\/wp\/v2\/tags?post=37031"},{"taxonomy":"realizzazione_categoria","embeddable":true,"href":"https:\/\/www.moma-design.it\/de\/wp-json\/wp\/v2\/realizzazione_categoria?post=37031"}],"curies":[{"name":"wp","href":"https:\/\/api.w.org\/{rel}","templated":true}]}}